{"id":50231,"date":"2024-10-15T11:20:20","date_gmt":"2024-10-15T09:20:20","guid":{"rendered":"https:\/\/www.noz.fr\/?p=50231"},"modified":"2024-10-17T16:39:12","modified_gmt":"2024-10-17T14:39:12","slug":"noel-magique-a-prix-noz","status":"publish","type":"post","link":"https:\/\/www.noz.fr\/en\/noel-magique-a-prix-noz\/","title":{"rendered":"No\u00ebl magique \u00e0 prix NOZ"},"content":{"rendered":"<div id='av_section_1'  class='avia-section av-5xwcbm-98117f8fb0a4bfaf7f397fd3834242da main_color avia-section-default avia-no-border-styling  avia-builder-el-0  el_before_av_section  avia-builder-el-first  top-header-type-img-title page-article avia-bg-style-scroll container_wrap fullsize'  ><div class='container av-section-cont-open' ><main  role=\"main\" itemprop=\"mainContentOfPage\"  class='template-page content  av-content-full alpha units'><div class='post-entry post-entry-type-page post-entry-50231'><div class='entry-content-wrapper clearfix'>\n<div class='flex_column_table av-5o205e-049aef79517fee1c47d2360f8fce9976 sc-av_one_half av-mobile-columns-flex av-columns-reverse av-equal-height-column-flextable'>\n<style type=\"text\/css\" data-created_by=\"avia_inline_auto\" id=\"style-css-av-5o205e-049aef79517fee1c47d2360f8fce9976\">\n.flex_column.av-5o205e-049aef79517fee1c47d2360f8fce9976{\nbackground:url(https:\/\/www.noz.fr\/uploads\/2024\/10\/Arrivage-Jouet-Noel-RS-2024-v2-1.jpg) 50% 50% no-repeat scroll ;\n}\n<\/style>\n<div  class='flex_column av-5o205e-049aef79517fee1c47d2360f8fce9976 av_one_half  avia-builder-el-1  el_before_av_one_half  avia-builder-el-first  first no_margin flex_column_table_cell av-equal-height-column av-align-top avia-full-stretch  '     ><\/div>\n<style type=\"text\/css\" data-created_by=\"avia_inline_auto\" id=\"style-css-av-2029m-67efa1ee0bdcd0fb4dc7ade94ff05f1e\">\n.flex_column.av-2029m-67efa1ee0bdcd0fb4dc7ade94ff05f1e{\npadding:50px 0 50px 0;\nbackground-color:#eaeff8;\n}\n<\/style>\n<div  class='flex_column av-2029m-67efa1ee0bdcd0fb4dc7ade94ff05f1e av_one_half  avia-builder-el-2  el_after_av_one_half  avia-builder-el-last  no_margin flex_column_table_cell av-equal-height-column av-align-top  '     ><section  class='av_textblock_section av-5g1hkq-f8176b0954f0e5b89333e2464e8b9ccc '   itemscope=\"itemscope\" itemtype=\"https:\/\/schema.org\/BlogPosting\" itemprop=\"blogPost\" ><div class='avia_textblock top-header-hn'  itemprop=\"text\" ><h1>No\u00ebl magique \u00e0 prix NOZ<\/h1>\n<\/div><\/section><br \/>\n<div  class='av-post-metadata-container av-57yp7m-2a8847a19833907eccda076ee220c072 av-metadata-container-align-left  avia-builder-el-4  el_after_av_textblock  el_before_av_textblock  metadate-article av-metadata-container-1'><div class='av-post-metadata-container-inner'><span class=\"av-post-metadata-content av-post-metadata-meta-content\"><span class=\"av-post-metadata-content av-post-metadata-modified\"><span class=\"av-post-metadata-modified-date\" >17 October 2024<\/span><\/span><span class=\"av-post-metadata-content av-post-metadata-separator\"><\/span><span class=\"av-post-metadata-content av-post-metadata-category\"><span class=\"av-post-metadata-category-link\" ><a href=\"https:\/\/www.noz.fr\/en\/category\/actualites\/\" >Actualit\u00e9s<\/a><\/span><\/span><\/span><\/div><\/div><br \/>\n<section  class='av_textblock_section av-4pdbzm-85c3ce7ce28c52a08ca8dfc0cc51e560 '   itemscope=\"itemscope\" itemtype=\"https:\/\/schema.org\/BlogPosting\" itemprop=\"blogPost\" ><div class='avia_textblock partages-rs'  itemprop=\"text\" ><div class=\"share-title\">Partager cet article<\/div>\n<div class=\"heateor_sss_sharing_container heateor_sss_horizontal_sharing\" data-heateor-ss-offset=\"0\" data-heateor-sss-href='https:\/\/www.noz.fr\/en\/noel-magique-a-prix-noz\/'><div class=\"heateor_sss_sharing_ul\"><a aria-label=\"Facebook\" class=\"heateor_sss_facebook\" href=\"https:\/\/www.facebook.com\/sharer\/sharer.php?u=https%3A%2F%2Fwww.noz.fr%2Fen%2Fnoel-magique-a-prix-noz%2F\" title=\"Facebook\" rel=\"nofollow noopener\" target=\"_blank\" style=\"font-size:32px!important;box-shadow:none;display:inline-block;vertical-align:middle\"><span class=\"heateor_sss_svg\" style=\"background-color:#0765FE;width:35px;height:35px;border-radius:999px;display:inline-block;opacity:1;float:left;font-size:32px;box-shadow:none;display:inline-block;font-size:16px;padding:0 4px;vertical-align:middle;background-repeat:repeat;overflow:hidden;padding:0;cursor:pointer;box-sizing:content-box\"><svg style=\"display:block;border-radius:999px;\" focusable=\"false\" aria-hidden=\"true\" xmlns=\"http:\/\/www.w3.org\/2000\/svg\" width=\"100%\" height=\"100%\" viewBox=\"0 0 32 32\"><path fill=\"#fff\" d=\"M28 16c0-6.627-5.373-12-12-12S4 9.373 4 16c0 5.628 3.875 10.35 9.101 11.647v-7.98h-2.474V16H13.1v-1.58c0-4.085 1.849-5.978 5.859-5.978.76 0 2.072.15 2.608.298v3.325c-.283-.03-.775-.045-1.386-.045-1.967 0-2.728.745-2.728 2.683V16h3.92l-.673 3.667h-3.247v8.245C23.395 27.195 28 22.135 28 16Z\"><\/path><\/svg><\/span><\/a><a aria-label=\"Linkedin\" class=\"heateor_sss_button_linkedin\" href=\"https:\/\/www.linkedin.com\/sharing\/share-offsite\/?url=https%3A%2F%2Fwww.noz.fr%2Fen%2Fnoel-magique-a-prix-noz%2F\" title=\"Linkedin\" rel=\"nofollow noopener\" target=\"_blank\" style=\"font-size:32px!important;box-shadow:none;display:inline-block;vertical-align:middle\"><span class=\"heateor_sss_svg heateor_sss_s__default heateor_sss_s_linkedin\" style=\"background-color:#0077b5;width:35px;height:35px;border-radius:999px;display:inline-block;opacity:1;float:left;font-size:32px;box-shadow:none;display:inline-block;font-size:16px;padding:0 4px;vertical-align:middle;background-repeat:repeat;overflow:hidden;padding:0;cursor:pointer;box-sizing:content-box\"><svg style=\"display:block;border-radius:999px;\" focusable=\"false\" aria-hidden=\"true\" xmlns=\"http:\/\/www.w3.org\/2000\/svg\" width=\"100%\" height=\"100%\" viewBox=\"0 0 32 32\"><path d=\"M6.227 12.61h4.19v13.48h-4.19V12.61zm2.095-6.7a2.43 2.43 0 0 1 0 4.86c-1.344 0-2.428-1.09-2.428-2.43s1.084-2.43 2.428-2.43m4.72 6.7h4.02v1.84h.058c.56-1.058 1.927-2.176 3.965-2.176 4.238 0 5.02 2.792 5.02 6.42v7.395h-4.183v-6.56c0-1.564-.03-3.574-2.178-3.574-2.18 0-2.514 1.7-2.514 3.46v6.668h-4.187V12.61z\" fill=\"#fff\"><\/path><\/svg><\/span><\/a><a aria-label=\"Instagram\" class=\"heateor_sss_button_instagram\" href=\"https:\/\/www.instagram.com\/\" title=\"Instagram\" rel=\"nofollow noopener\" target=\"_blank\" style=\"font-size:32px!important;box-shadow:none;display:inline-block;vertical-align:middle\"><span class=\"heateor_sss_svg\" style=\"background-color:#53beee;width:35px;height:35px;border-radius:999px;display:inline-block;opacity:1;float:left;font-size:32px;box-shadow:none;display:inline-block;font-size:16px;padding:0 4px;vertical-align:middle;background-repeat:repeat;overflow:hidden;padding:0;cursor:pointer;box-sizing:content-box\"><svg style=\"display:block;border-radius:999px;\" version=\"1.1\" viewBox=\"-10 -10 148 148\" width=\"100%\" height=\"100%\" xml:space=\"preserve\" xmlns=\"http:\/\/www.w3.org\/2000\/svg\" xmlns:xlink=\"http:\/\/www.w3.org\/1999\/xlink\"><g><g><path d=\"M86,112H42c-14.336,0-26-11.663-26-26V42c0-14.337,11.664-26,26-26h44c14.337,0,26,11.663,26,26v44 C112,100.337,100.337,112,86,112z M42,24c-9.925,0-18,8.074-18,18v44c0,9.925,8.075,18,18,18h44c9.926,0,18-8.075,18-18V42 c0-9.926-8.074-18-18-18H42z\" fill=\"#fff\"><\/path><\/g><g><path d=\"M64,88c-13.234,0-24-10.767-24-24c0-13.234,10.766-24,24-24s24,10.766,24,24C88,77.233,77.234,88,64,88z M64,48c-8.822,0-16,7.178-16,16s7.178,16,16,16c8.822,0,16-7.178,16-16S72.822,48,64,48z\" fill=\"#fff\"><\/path><\/g><g><circle cx=\"89.5\" cy=\"38.5\" fill=\"#fff\" r=\"5.5\"><\/circle><\/g><\/g><\/svg><\/span><\/a><a class=\"heateor_sss_more\" aria-label=\"More\" title=\"More\" rel=\"nofollow noopener\" style=\"font-size: 32px!important;border:0;box-shadow:none;display:inline-block!important;font-size:16px;padding:0 4px;vertical-align: middle;display:inline;\" href=\"https:\/\/www.noz.fr\/en\/noel-magique-a-prix-noz\/\" onclick=\"event.preventDefault()\"><span class=\"heateor_sss_svg\" style=\"background-color:#ee8e2d;width:35px;height:35px;border-radius:999px;display:inline-block!important;opacity:1;float:left;font-size:32px!important;box-shadow:none;display:inline-block;font-size:16px;padding:0 4px;vertical-align:middle;display:inline;background-repeat:repeat;overflow:hidden;padding:0;cursor:pointer;box-sizing:content-box;\" onclick=\"heateorSssMoreSharingPopup(this, 'https:\/\/www.noz.fr\/en\/noel-magique-a-prix-noz\/', 'No%C3%ABl%20magique%20%C3%A0%20prix%20NOZ', '' )\"><svg xmlns=\"http:\/\/www.w3.org\/2000\/svg\" xmlns:xlink=\"http:\/\/www.w3.org\/1999\/xlink\" viewBox=\"-.3 0 32 32\" version=\"1.1\" width=\"100%\" height=\"100%\" style=\"display:block;border-radius:999px;\" xml:space=\"preserve\"><g><path fill=\"#fff\" d=\"M18 14V8h-4v6H8v4h6v6h4v-6h6v-4h-6z\" fill-rule=\"evenodd\"><\/path><\/g><\/svg><\/span><\/a><\/div><div class=\"heateorSssClear\"><\/div><\/div>\n<\/div><\/section><\/p><\/div><\/div><!--close column table wrapper. Autoclose: 1 --><\/div><\/div><\/main><!-- close content main element --><\/div><\/div><div id='av_section_2'  class='avia-section av-glp3u-c12459662335ecd12cf88be999fe8a81 main_color avia-section-default avia-no-border-styling  avia-builder-el-6  el_after_av_section  el_before_av_section  container-filariane avia-bg-style-scroll container_wrap fullsize'  ><div class='container av-section-cont-open' ><div class='template-page content  av-content-full alpha units'><div class='post-entry post-entry-type-page post-entry-50231'><div class='entry-content-wrapper clearfix'>\n<div  class='flex_column av-4dsfi2-e551d7bb43d656ad4513a2c73d308dd7 av_one_full  avia-builder-el-7  avia-builder-el-no-sibling  first flex_column_div  '     ><\/div>\n<\/p>\n<\/div><\/div><\/div><!-- close content main div --><\/div><\/div>\n<style type=\"text\/css\" data-created_by=\"avia_inline_auto\" id=\"style-css-av-3jb9te-d3a8181f88c592fb51b87be6ef9588cb\">\n.avia-section.av-3jb9te-d3a8181f88c592fb51b87be6ef9588cb{\nmargin-top:0px;\nmargin-bottom:-20px;\n}\n<\/style>\n<div id='av_section_3'  class='avia-section av-3jb9te-d3a8181f88c592fb51b87be6ef9588cb main_color avia-section-small avia-no-border-styling  avia-builder-el-9  el_after_av_section  el_before_av_section  article-img-txt avia-bg-style-scroll container_wrap fullsize'  ><div class='container av-section-cont-open' ><div class='template-page content  av-content-full alpha units'><div class='post-entry post-entry-type-page post-entry-50231'><div class='entry-content-wrapper clearfix'>\n\n<style type=\"text\/css\" data-created_by=\"avia_inline_auto\" id=\"style-css-av-3dnp42-b0b9abfdc799ce17187cc3dfc2602234\">\n.flex_column.av-3dnp42-b0b9abfdc799ce17187cc3dfc2602234{\nwidth:48.5%;\nbackground:url(https:\/\/www.noz.fr\/uploads\/2024\/10\/Arrivage-Jouet-Noel-RS-2024-v2-300x300.jpg) 50% 0% no-repeat scroll ;\n}\n<\/style>\n<div  class='flex_column av-3dnp42-b0b9abfdc799ce17187cc3dfc2602234 av_one_half  avia-builder-el-10  el_before_av_one_half  avia-builder-el-first  article-minheight-img first flex_column_div avia-full-contain  '     ><\/div>\n<style type=\"text\/css\" data-created_by=\"avia_inline_auto\" id=\"style-css-av-38qofe-2c60c892891e4d7272710db32ce8c6e3\">\n.flex_column.av-38qofe-2c60c892891e4d7272710db32ce8c6e3{\nwidth:48.5%;\nmargin-left:3%;\n}\n<\/style>\n<div  class='flex_column av-38qofe-2c60c892891e4d7272710db32ce8c6e3 av_one_half  avia-builder-el-11  el_after_av_one_half  avia-builder-el-last  flex_column_div  '     ><p><section  class='av_textblock_section av-32zs4i-1355f00bd2c8ab8e38087c4699d43ce0 '   itemscope=\"itemscope\" itemtype=\"https:\/\/schema.org\/BlogPosting\" itemprop=\"blogPost\" ><div class='avia_textblock title-hn-content'  itemprop=\"text\" ><p>Cette ann\u00e9e, f\u00eatons ensemble un No\u00ebl magique \u00e0 prix NOZ<\/p>\n<\/div><\/section><br \/>\n<section  class='av_textblock_section av-2y0xuq-ec4d8ff0638039531cb93037c4b877b6 '   itemscope=\"itemscope\" itemtype=\"https:\/\/schema.org\/BlogPosting\" itemprop=\"blogPost\" ><div class='avia_textblock'  itemprop=\"text\" ><div class=\"x11i5rnm xat24cr x1mh8g0r x1vvkbs xtlvy1s x126k92a\"><\/div>\n<div class=\"x11i5rnm xat24cr x1mh8g0r x1vvkbs xtlvy1s x126k92a\">\n<div dir=\"auto\">\n<div dir=\"auto\">\n<p>Les f\u00eates de fin d&rsquo;ann\u00e9e approchent, et No\u00ebl s&rsquo;invite dans les 328 magasins NOZ de France, avec des arrivages exceptionnels \u00e0 prix imbattables ! D\u00e9couvrez une large s\u00e9lection de jouets, de d\u00e9corations et d&rsquo;id\u00e9es cadeaux pour cr\u00e9er une ambiance festive, tout en faisant plaisir \u00e0 vos proches !<\/p>\n<h2>Des jouets pour tous les \u00e2ges<\/h2>\n<p>Les bacs se remplissent de jouets ! D\u00e9nichez les cadeaux qui raviront petits et grands. Entre peluches, jeux de soci\u00e9t\u00e9, jouets en bois, jeux de construction, v\u00e9hicules, figurines et jeux d&rsquo;\u00e9veil, il y en a pour tous les go\u00fbts ! Pr\u00e9parez-vous \u00e0 vivre des moments magiques autour du sapin gr\u00e2ce \u00e0 cet arrivage exclusif de jouets de qualit\u00e9.<\/p>\n<h2>D\u00e9coration de No\u00ebl<\/h2>\n<p>Transformez votre int\u00e9rieur gr\u00e2ce aux d\u00e9corations festives \u00e0 retrouver en magasin NOZ : p\u00e8re No\u00ebl, gnomes, f\u00e9es, casse-noisettes, et bien d&rsquo;autres personnages en bois \u00e0 poser. Pour un sapin scintillant, choisissez parmi les d\u00e9corations \u00e0 accrocher, guirlandes lumineuses, et m\u00eame des tapis en fibres naturelles aux motifs de No\u00ebl. Cr\u00e9ez une atmosph\u00e8re chaleureuse qui fera briller les yeux de toute la famille !<\/p>\n<h2>Sapin de No\u00ebl<\/h2>\n<p>Les sapins naturels d\u00e9barquent bient\u00f4t chez NOZ ! \u00c0 partir du 22 novembre, venez choisir le v\u00f4tre parmi une s\u00e9lection de sapins de toutes tailles et \u00e0 des prix qui s\u2019adaptent \u00e0 votre budget.<\/p>\n<h3>Pr\u00e9parez-vous pour un No\u00ebl magique \u00e0 prix NOZ et plongez d\u00e8s maintenant dans l&rsquo;univers f\u00e9erique de cette saison festive dans votre magasin NOZ le plus proche !<\/h3>\n<\/div>\n<\/div>\n<div dir=\"auto\"><\/div>\n<\/div>\n<\/div><\/section><\/p><\/div>\n\n<\/div><\/div><\/div><!-- close content main div --><\/div><\/div>\n<style type=\"text\/css\" data-created_by=\"avia_inline_auto\" id=\"style-css-av-a9plcz-2d4a55981dd0228c78d1974517e4fa4f\">\n.avia-section.av-a9plcz-2d4a55981dd0228c78d1974517e4fa4f{\nmargin-top:0px;\nmargin-bottom:-20px;\n}\n<\/style>\n<div id='av_section_4'  class='avia-section av-a9plcz-2d4a55981dd0228c78d1974517e4fa4f main_color avia-section-small avia-no-border-styling  avia-builder-el-14  el_after_av_section  el_before_av_section  article-img-txt avia-bg-style-scroll container_wrap fullsize'  ><div class='container av-section-cont-open' ><div class='template-page content  av-content-full alpha units'><div class='post-entry post-entry-type-page post-entry-50231'><div class='entry-content-wrapper clearfix'>\n<div  class='flex_column av-78e616-6e1b612c7720186c26427cdaac5769e6 av_one_full  avia-builder-el-15  avia-builder-el-no-sibling  first flex_column_div  '     ><section  class='av_textblock_section av-lo4d6q7z-8e05c412b405eea3675642f8b0f71a0b '   itemscope=\"itemscope\" itemtype=\"https:\/\/schema.org\/BlogPosting\" itemprop=\"blogPost\" ><div class='avia_textblock'  itemprop=\"text\" ><p style=\"text-align: center;\">Retrouvez nos arrivages sur : <a href=\"https:\/\/www.noz.fr\/nos-arrivages\/\">https:\/\/www.noz.fr\/nos-arrivages\/<\/a>.<\/p>\n<p style=\"text-align: center;\">Int\u00e9ress\u00e9(e) par la g\u00e9rance-mandat ? Rendez-vous <a href=\"https:\/\/www.noz.fr\/gerance-mandat\/\"><u>ici<\/u> <\/a>!<a href=\"https:\/\/www.nozarrivages.com\/\"><br class=\"avia-permanent-lb\" \/><\/a><\/p>\n<\/div><\/section><\/div>\n\n<\/div><\/div><\/div><!-- close content main div --><\/div><\/div>\n<style type=\"text\/css\" data-created_by=\"avia_inline_auto\" id=\"style-css-av-osnxm-c217d06162dd3853f8d2915985891b6a\">\n.avia-section.av-osnxm-c217d06162dd3853f8d2915985891b6a{\nbackground-color:#f7d8c6;\nbackground-image:unset;\n}\n<\/style>\n<div id='av_section_5'  class='avia-section av-osnxm-c217d06162dd3853f8d2915985891b6a main_color avia-section-default avia-no-border-styling  avia-builder-el-17  el_after_av_section  el_before_av_postcontent  article-annexes avia-bg-style-scroll container_wrap fullsize'  ><div class='container av-section-cont-open' ><div class='template-page content  av-content-full alpha units'><div class='post-entry post-entry-type-page post-entry-50231'><div class='entry-content-wrapper clearfix'>\n<div  class='flex_column av-kmsve-420cd8b9345b2ca4afc2dfe4a564b6d8 av_one_full  avia-builder-el-18  avia-builder-el-no-sibling  first flex_column_div  '     ><section  class='av_textblock_section av-1bclu-53c35101f63bc7c875ce51dd8305997b '   itemscope=\"itemscope\" itemtype=\"https:\/\/schema.org\/BlogPosting\" itemprop=\"blogPost\" ><div class='avia_textblock title-hn-content'  itemprop=\"text\" ><h2>Articles connexes<\/h2>\n<\/div><\/section><br \/>\n<div  data-slideshow-options=\"{&quot;animation&quot;:&quot;fade&quot;,&quot;autoplay&quot;:false,&quot;loop_autoplay&quot;:&quot;once&quot;,&quot;interval&quot;:&quot;5&quot;,&quot;loop_manual&quot;:&quot;manual-endless&quot;,&quot;autoplay_stopper&quot;:false,&quot;noNavigation&quot;:false,&quot;show_slide_delay&quot;:90}\" class='avia-content-slider avia-content-slider-active avia-content-slider1 avia-content-slider-odd  avia-builder-el-20  el_after_av_textblock  el_before_av_postslider  av-slideshow-ui av-control-default   av-no-slider-navigation av-slideshow-manual av-loop-once av-loop-manual-endless  av-medium-hide av-small-hide av-mini-hide'  itemscope=\"itemscope\" itemtype=\"https:\/\/schema.org\/Blog\" ><div class=\"avia-content-slider-inner\"><div class=\"slide-entry-wrap\"><article class='slide-entry flex_column  post-entry post-entry-131175 slide-entry-overview slide-loop-1 slide-parity-odd  av_one_third first real-thumbnail posttype-post post-format-standard'  itemscope=\"itemscope\" itemtype=\"https:\/\/schema.org\/BlogPosting\" itemprop=\"blogPost\" ><a href='https:\/\/www.noz.fr\/en\/ouverture-exceptionnelle-de-vos-magasins-noz-vendredi-8-mai\/' data-rel='slide-1' class='slide-image' title='Ouverture exceptionnelle de vos magasins NOZ vendredi 8 mai !'><img decoding=\"async\" width=\"495\" height=\"400\" src=\"https:\/\/www.noz.fr\/uploads\/2026\/04\/8-mai-495x400.jpg\" class=\"wp-image-131202 avia-img-lazy-loading-not-131202 attachment-portfolio size-portfolio wp-post-image\" alt=\"Ouverture NOZ le 8 mai\" srcset=\"https:\/\/www.noz.fr\/uploads\/2026\/04\/8-mai-495x400.jpg 495w, https:\/\/www.noz.fr\/uploads\/2026\/04\/8-mai-845x684.jpg 845w\" sizes=\"(max-width: 495px) 100vw, 495px\" \/><\/a><div class=\"slide-content\"><header class=\"entry-content-header\"><h3 class='slide-entry-title entry-title '  itemprop=\"headline\" ><a href='https:\/\/www.noz.fr\/en\/ouverture-exceptionnelle-de-vos-magasins-noz-vendredi-8-mai\/' title='Ouverture exceptionnelle de vos magasins NOZ vendredi 8 mai !'>Ouverture exceptionnelle de vos magasins NOZ vendredi 8 mai !<\/a><\/h3><span class=\"av-vertical-delimiter\"><\/span><\/header><div class=\"slide-meta\"><time class='slide-meta-time updated'  itemprop=\"datePublished\" datetime=\"2026-04-30T16:34:44+02:00\" >30 April 2026<\/time><span class='categsection'> Actualit\u00e9s <\/span><\/div><div class='slide-entry-excerpt entry-content'  itemprop=\"text\" >Vos magasins NOZ ouvriront leurs portes le vendredi 8 mai ! Nous vous attendons pour faire de bonnes affaires chez NOZ !<\/div><\/div><footer class=\"entry-footer\"><\/footer><span class='hidden'>\r\n\t\t\t\t<span class='av-structured-data'  itemprop=\"image\" itemscope=\"itemscope\" itemtype=\"https:\/\/schema.org\/ImageObject\" >\r\n\t\t\t\t\t\t<span itemprop='url'>https:\/\/www.noz.fr\/uploads\/2026\/04\/8-mai.jpg<\/span>\r\n\t\t\t\t\t\t<span itemprop='height'>1080<\/span>\r\n\t\t\t\t\t\t<span itemprop='width'>1080<\/span>\r\n\t\t\t\t<\/span>\r\n\t\t\t\t<span class='av-structured-data'  itemprop=\"publisher\" itemtype=\"https:\/\/schema.org\/Organization\" itemscope=\"itemscope\" >\r\n\t\t\t\t\t\t<span itemprop='name'>Romain Chevillon<\/span>\r\n\t\t\t\t\t\t<span itemprop='logo' itemscope itemtype='https:\/\/schema.org\/ImageObject'>\r\n\t\t\t\t\t\t\t<span itemprop='url'>https:\/\/www.noz.fr\/uploads\/2023\/06\/logo-noz.svg<\/span>\r\n\t\t\t\t\t\t<\/span>\r\n\t\t\t\t<\/span><span class='av-structured-data'  itemprop=\"author\" itemscope=\"itemscope\" itemtype=\"https:\/\/schema.org\/Person\" ><span itemprop='name'>Romain Chevillon<\/span><\/span><span class='av-structured-data'  itemprop=\"datePublished\" datetime=\"2024-10-15T11:20:20+02:00\" >2026-04-30 16:34:44<\/span><span class='av-structured-data'  itemprop=\"dateModified\" itemtype=\"https:\/\/schema.org\/dateModified\" >2026-04-30 16:34:45<\/span><span class='av-structured-data'  itemprop=\"mainEntityOfPage\" itemtype=\"https:\/\/schema.org\/mainEntityOfPage\" ><span itemprop='name'>Ouverture exceptionnelle de vos magasins NOZ vendredi 8 mai !<\/span><\/span><\/span><\/article><article class='slide-entry flex_column  post-entry post-entry-129318 slide-entry-overview slide-loop-2 slide-parity-even  av_one_third  real-thumbnail posttype-post post-format-standard'  itemscope=\"itemscope\" itemtype=\"https:\/\/schema.org\/BlogPosting\" itemprop=\"blogPost\" ><a href='https:\/\/www.noz.fr\/en\/noz-ouvre-ses-portes-a-beynost\/' data-rel='slide-1' class='slide-image' title='Ouverture de NOZ \u00e0 Beynost'><img decoding=\"async\" width=\"495\" height=\"400\" src=\"https:\/\/www.noz.fr\/uploads\/2026\/04\/equipe-1-495x400.jpg\" class=\"wp-image-130011 avia-img-lazy-loading-not-130011 attachment-portfolio size-portfolio wp-post-image\" alt=\"\u00e9quipe beynost\" \/><\/a><div class=\"slide-content\"><header class=\"entry-content-header\"><h3 class='slide-entry-title entry-title '  itemprop=\"headline\" ><a href='https:\/\/www.noz.fr\/en\/noz-ouvre-ses-portes-a-beynost\/' title='Ouverture de NOZ \u00e0 Beynost'>Ouverture de NOZ \u00e0 Beynost<\/a><\/h3><span class=\"av-vertical-delimiter\"><\/span><\/header><div class=\"slide-meta\"><time class='slide-meta-time updated'  itemprop=\"datePublished\" datetime=\"2026-04-21T11:24:02+02:00\" >21 April 2026<\/time><span class='categsection'> Actualit\u00e9s <\/span><\/div><div class='slide-entry-excerpt entry-content'  itemprop=\"text\" >NOZ ouvre ses portes \u00e0 Beynost (01) !<\/div><\/div><footer class=\"entry-footer\"><\/footer><span class='hidden'>\r\n\t\t\t\t<span class='av-structured-data'  itemprop=\"image\" itemscope=\"itemscope\" itemtype=\"https:\/\/schema.org\/ImageObject\" >\r\n\t\t\t\t\t\t<span itemprop='url'>https:\/\/www.noz.fr\/uploads\/2026\/04\/equipe-1.jpg<\/span>\r\n\t\t\t\t\t\t<span itemprop='height'>450<\/span>\r\n\t\t\t\t\t\t<span itemprop='width'>800<\/span>\r\n\t\t\t\t<\/span>\r\n\t\t\t\t<span class='av-structured-data'  itemprop=\"publisher\" itemtype=\"https:\/\/schema.org\/Organization\" itemscope=\"itemscope\" >\r\n\t\t\t\t\t\t<span itemprop='name'>Romain Chevillon<\/span>\r\n\t\t\t\t\t\t<span itemprop='logo' itemscope itemtype='https:\/\/schema.org\/ImageObject'>\r\n\t\t\t\t\t\t\t<span itemprop='url'>https:\/\/www.noz.fr\/uploads\/2023\/06\/logo-noz.svg<\/span>\r\n\t\t\t\t\t\t<\/span>\r\n\t\t\t\t<\/span><span class='av-structured-data'  itemprop=\"author\" itemscope=\"itemscope\" itemtype=\"https:\/\/schema.org\/Person\" ><span itemprop='name'>Romain Chevillon<\/span><\/span><span class='av-structured-data'  itemprop=\"datePublished\" datetime=\"2024-10-15T11:20:20+02:00\" >2026-04-21 11:24:02<\/span><span class='av-structured-data'  itemprop=\"dateModified\" itemtype=\"https:\/\/schema.org\/dateModified\" >2026-04-21 11:24:04<\/span><span class='av-structured-data'  itemprop=\"mainEntityOfPage\" itemtype=\"https:\/\/schema.org\/mainEntityOfPage\" ><span itemprop='name'>Ouverture de NOZ \u00e0 Beynost<\/span><\/span><\/span><\/article><article class='slide-entry flex_column  post-entry post-entry-129320 slide-entry-overview slide-loop-3 slide-parity-odd  av_one_third  real-thumbnail posttype-post post-format-standard'  itemscope=\"itemscope\" itemtype=\"https:\/\/schema.org\/BlogPosting\" itemprop=\"blogPost\" ><a href='https:\/\/www.noz.fr\/en\/ouverture-de-noz-a-gonfreville-lorcher\/' data-rel='slide-1' class='slide-image' title='NOZ r\u00e9ouvre ses portes \u00e0 Gonfreville-l\u2019Orcher'><img decoding=\"async\" width=\"495\" height=\"400\" src=\"https:\/\/www.noz.fr\/uploads\/2026\/04\/equipe-495x400.jpg\" class=\"wp-image-130006 avia-img-lazy-loading-not-130006 attachment-portfolio size-portfolio wp-post-image\" alt=\"\u00e9quipe gonfreville\" srcset=\"https:\/\/www.noz.fr\/uploads\/2026\/04\/equipe-495x400.jpg 495w, https:\/\/www.noz.fr\/uploads\/2026\/04\/equipe-16x12.jpg 16w\" sizes=\"(max-width: 495px) 100vw, 495px\" \/><\/a><div class=\"slide-content\"><header class=\"entry-content-header\"><h3 class='slide-entry-title entry-title '  itemprop=\"headline\" ><a href='https:\/\/www.noz.fr\/en\/ouverture-de-noz-a-gonfreville-lorcher\/' title='NOZ r\u00e9ouvre ses portes \u00e0 Gonfreville-l\u2019Orcher'>NOZ r\u00e9ouvre ses portes \u00e0 Gonfreville-l\u2019Orcher<\/a><\/h3><span class=\"av-vertical-delimiter\"><\/span><\/header><div class=\"slide-meta\"><time class='slide-meta-time updated'  itemprop=\"datePublished\" datetime=\"2026-04-21T11:20:05+02:00\" >21 April 2026<\/time><span class='categsection'> Actualit\u00e9s <\/span><\/div><div class='slide-entry-excerpt entry-content'  itemprop=\"text\" >NOZ r\u00e9ouvre ses portes \u00e0 Gonfreville-l'Orcher (76) !<\/div><\/div><footer class=\"entry-footer\"><\/footer><span class='hidden'>\r\n\t\t\t\t<span class='av-structured-data'  itemprop=\"image\" itemscope=\"itemscope\" itemtype=\"https:\/\/schema.org\/ImageObject\" >\r\n\t\t\t\t\t\t<span itemprop='url'>https:\/\/www.noz.fr\/uploads\/2026\/04\/equipe.jpg<\/span>\r\n\t\t\t\t\t\t<span itemprop='height'>600<\/span>\r\n\t\t\t\t\t\t<span itemprop='width'>800<\/span>\r\n\t\t\t\t<\/span>\r\n\t\t\t\t<span class='av-structured-data'  itemprop=\"publisher\" itemtype=\"https:\/\/schema.org\/Organization\" itemscope=\"itemscope\" >\r\n\t\t\t\t\t\t<span itemprop='name'>Romain Chevillon<\/span>\r\n\t\t\t\t\t\t<span itemprop='logo' itemscope itemtype='https:\/\/schema.org\/ImageObject'>\r\n\t\t\t\t\t\t\t<span itemprop='url'>https:\/\/www.noz.fr\/uploads\/2023\/06\/logo-noz.svg<\/span>\r\n\t\t\t\t\t\t<\/span>\r\n\t\t\t\t<\/span><span class='av-structured-data'  itemprop=\"author\" itemscope=\"itemscope\" itemtype=\"https:\/\/schema.org\/Person\" ><span itemprop='name'>Romain Chevillon<\/span><\/span><span class='av-structured-data'  itemprop=\"datePublished\" datetime=\"2024-10-15T11:20:20+02:00\" >2026-04-21 11:20:05<\/span><span class='av-structured-data'  itemprop=\"dateModified\" itemtype=\"https:\/\/schema.org\/dateModified\" >2026-04-21 11:20:07<\/span><span class='av-structured-data'  itemprop=\"mainEntityOfPage\" itemtype=\"https:\/\/schema.org\/mainEntityOfPage\" ><span itemprop='name'>NOZ r\u00e9ouvre ses portes \u00e0 Gonfreville-l\u2019Orcher<\/span><\/span><\/span><\/article><\/div><div class=\"slide-entry-wrap\"><article class='slide-entry flex_column  post-entry post-entry-129025 slide-entry-overview slide-loop-4 slide-parity-odd  av_one_third first real-thumbnail posttype-post post-format-standard'  itemscope=\"itemscope\" itemtype=\"https:\/\/schema.org\/BlogPosting\" itemprop=\"blogPost\" ><a href='https:\/\/www.noz.fr\/en\/noz-ouvre-ses-portes-a-wittenheim\/' data-rel='slide-1' class='slide-image' title='NOZ ouvre ses portes \u00e0 Wittenheim'><img decoding=\"async\" width=\"495\" height=\"400\" src=\"https:\/\/www.noz.fr\/uploads\/2026\/04\/image1-495x400.png\" class=\"wp-image-129030 avia-img-lazy-loading-not-129030 attachment-portfolio size-portfolio wp-post-image\" alt=\"Equipe NOZ Wittenheim\" srcset=\"https:\/\/www.noz.fr\/uploads\/2026\/04\/image1-495x400.png 495w, https:\/\/www.noz.fr\/uploads\/2026\/04\/image1-845x684.png 845w\" sizes=\"(max-width: 495px) 100vw, 495px\" \/><\/a><div class=\"slide-content\"><header class=\"entry-content-header\"><h3 class='slide-entry-title entry-title '  itemprop=\"headline\" ><a href='https:\/\/www.noz.fr\/en\/noz-ouvre-ses-portes-a-wittenheim\/' title='NOZ ouvre ses portes \u00e0 Wittenheim'>NOZ ouvre ses portes \u00e0 Wittenheim<\/a><\/h3><span class=\"av-vertical-delimiter\"><\/span><\/header><div class=\"slide-meta\"><time class='slide-meta-time updated'  itemprop=\"datePublished\" datetime=\"2026-04-14T11:19:02+02:00\" >14 April 2026<\/time><span class='categsection'> Actualit\u00e9s <\/span><\/div><div class='slide-entry-excerpt entry-content'  itemprop=\"text\" >NOZ ouvre ses portes \u00e0 Wittenheim (68) !<\/div><\/div><footer class=\"entry-footer\"><\/footer><span class='hidden'>\r\n\t\t\t\t<span class='av-structured-data'  itemprop=\"image\" itemscope=\"itemscope\" itemtype=\"https:\/\/schema.org\/ImageObject\" >\r\n\t\t\t\t\t\t<span itemprop='url'>https:\/\/www.noz.fr\/uploads\/2026\/04\/image1.png<\/span>\r\n\t\t\t\t\t\t<span itemprop='height'>1200<\/span>\r\n\t\t\t\t\t\t<span itemprop='width'>1200<\/span>\r\n\t\t\t\t<\/span>\r\n\t\t\t\t<span class='av-structured-data'  itemprop=\"publisher\" itemtype=\"https:\/\/schema.org\/Organization\" itemscope=\"itemscope\" >\r\n\t\t\t\t\t\t<span itemprop='name'>Romain Chevillon<\/span>\r\n\t\t\t\t\t\t<span itemprop='logo' itemscope itemtype='https:\/\/schema.org\/ImageObject'>\r\n\t\t\t\t\t\t\t<span itemprop='url'>https:\/\/www.noz.fr\/uploads\/2023\/06\/logo-noz.svg<\/span>\r\n\t\t\t\t\t\t<\/span>\r\n\t\t\t\t<\/span><span class='av-structured-data'  itemprop=\"author\" itemscope=\"itemscope\" itemtype=\"https:\/\/schema.org\/Person\" ><span itemprop='name'>Romain Chevillon<\/span><\/span><span class='av-structured-data'  itemprop=\"datePublished\" datetime=\"2024-10-15T11:20:20+02:00\" >2026-04-14 11:19:02<\/span><span class='av-structured-data'  itemprop=\"dateModified\" itemtype=\"https:\/\/schema.org\/dateModified\" >2026-04-14 11:24:32<\/span><span class='av-structured-data'  itemprop=\"mainEntityOfPage\" itemtype=\"https:\/\/schema.org\/mainEntityOfPage\" ><span itemprop='name'>NOZ ouvre ses portes \u00e0 Wittenheim<\/span><\/span><\/span><\/article><article class='slide-entry flex_column  post-entry post-entry-124444 slide-entry-overview slide-loop-5 slide-parity-even  av_one_third  real-thumbnail posttype-post post-format-standard'  itemscope=\"itemscope\" itemtype=\"https:\/\/schema.org\/BlogPosting\" itemprop=\"blogPost\" ><a href='https:\/\/www.noz.fr\/en\/ouverture-exceptionnelle-de-vos-magasins-noz-le-6-avril\/' data-rel='slide-1' class='slide-image' title='Ouverture exceptionnelle de vos magasins NOZ le 6 avril !'><img decoding=\"async\" width=\"495\" height=\"400\" src=\"https:\/\/www.noz.fr\/uploads\/2026\/03\/Visuel-RS_Ouverture-exceptionnelle-495x400.jpg\" class=\"wp-image-124449 avia-img-lazy-loading-not-124449 attachment-portfolio size-portfolio wp-post-image\" alt=\"Ouverture de NOZ \u00e0 P\u00e2ques, le 6 avril.\" srcset=\"https:\/\/www.noz.fr\/uploads\/2026\/03\/Visuel-RS_Ouverture-exceptionnelle-495x400.jpg 495w, https:\/\/www.noz.fr\/uploads\/2026\/03\/Visuel-RS_Ouverture-exceptionnelle-845x684.jpg 845w\" sizes=\"(max-width: 495px) 100vw, 495px\" \/><\/a><div class=\"slide-content\"><header class=\"entry-content-header\"><h3 class='slide-entry-title entry-title '  itemprop=\"headline\" ><a href='https:\/\/www.noz.fr\/en\/ouverture-exceptionnelle-de-vos-magasins-noz-le-6-avril\/' title='Ouverture exceptionnelle de vos magasins NOZ le 6 avril !'>Ouverture exceptionnelle de vos magasins NOZ le 6 avril !<\/a><\/h3><span class=\"av-vertical-delimiter\"><\/span><\/header><div class=\"slide-meta\"><time class='slide-meta-time updated'  itemprop=\"datePublished\" datetime=\"2026-03-30T16:33:47+02:00\" >30 March 2026<\/time><span class='categsection'> Actualit\u00e9s <\/span><\/div><div class='slide-entry-excerpt entry-content'  itemprop=\"text\" >\u00c0 l\u2019occasion de P\u00e2ques, vos magasins NOZ ouvriront leurs portes le vendredi 6 avril. Venez faire de bonnes affaires chez NOZ le 6 avril !<\/div><\/div><footer class=\"entry-footer\"><\/footer><span class='hidden'>\r\n\t\t\t\t<span class='av-structured-data'  itemprop=\"image\" itemscope=\"itemscope\" itemtype=\"https:\/\/schema.org\/ImageObject\" >\r\n\t\t\t\t\t\t<span itemprop='url'>https:\/\/www.noz.fr\/uploads\/2026\/03\/Visuel-RS_Ouverture-exceptionnelle.jpg<\/span>\r\n\t\t\t\t\t\t<span itemprop='height'>1080<\/span>\r\n\t\t\t\t\t\t<span itemprop='width'>1080<\/span>\r\n\t\t\t\t<\/span>\r\n\t\t\t\t<span class='av-structured-data'  itemprop=\"publisher\" itemtype=\"https:\/\/schema.org\/Organization\" itemscope=\"itemscope\" >\r\n\t\t\t\t\t\t<span itemprop='name'>Romain Chevillon<\/span>\r\n\t\t\t\t\t\t<span itemprop='logo' itemscope itemtype='https:\/\/schema.org\/ImageObject'>\r\n\t\t\t\t\t\t\t<span itemprop='url'>https:\/\/www.noz.fr\/uploads\/2023\/06\/logo-noz.svg<\/span>\r\n\t\t\t\t\t\t<\/span>\r\n\t\t\t\t<\/span><span class='av-structured-data'  itemprop=\"author\" itemscope=\"itemscope\" itemtype=\"https:\/\/schema.org\/Person\" ><span itemprop='name'>Romain Chevillon<\/span><\/span><span class='av-structured-data'  itemprop=\"datePublished\" datetime=\"2024-10-15T11:20:20+02:00\" >2026-03-30 16:33:47<\/span><span class='av-structured-data'  itemprop=\"dateModified\" itemtype=\"https:\/\/schema.org\/dateModified\" >2026-04-02 17:26:48<\/span><span class='av-structured-data'  itemprop=\"mainEntityOfPage\" itemtype=\"https:\/\/schema.org\/mainEntityOfPage\" ><span itemprop='name'>Ouverture exceptionnelle de vos magasins NOZ le 6 avril !<\/span><\/span><\/span><\/article><article class='slide-entry flex_column  post-entry post-entry-123370 slide-entry-overview slide-loop-6 slide-parity-odd  av_one_third  real-thumbnail posttype-post post-format-standard'  itemscope=\"itemscope\" itemtype=\"https:\/\/schema.org\/BlogPosting\" itemprop=\"blogPost\" ><a href='https:\/\/www.noz.fr\/en\/ouverture-de-noz-a-bordeaux-33\/' data-rel='slide-1' class='slide-image' title='Ouverture de NOZ \u00e0 Bordeaux (33)'><img decoding=\"async\" width=\"495\" height=\"400\" src=\"https:\/\/www.noz.fr\/uploads\/2026\/03\/1-495x400.png\" class=\"wp-image-123371 avia-img-lazy-loading-not-123371 attachment-portfolio size-portfolio wp-post-image\" alt=\"Photo \u00e9quipe NOZ Bordeaux (33)\" srcset=\"https:\/\/www.noz.fr\/uploads\/2026\/03\/1-495x400.png 495w, https:\/\/www.noz.fr\/uploads\/2026\/03\/1-845x684.png 845w\" sizes=\"(max-width: 495px) 100vw, 495px\" \/><\/a><div class=\"slide-content\"><header class=\"entry-content-header\"><h3 class='slide-entry-title entry-title '  itemprop=\"headline\" ><a href='https:\/\/www.noz.fr\/en\/ouverture-de-noz-a-bordeaux-33\/' title='Ouverture de NOZ \u00e0 Bordeaux (33)'>Ouverture de NOZ \u00e0 Bordeaux (33)<\/a><\/h3><span class=\"av-vertical-delimiter\"><\/span><\/header><div class=\"slide-meta\"><time class='slide-meta-time updated'  itemprop=\"datePublished\" datetime=\"2026-03-03T16:02:21+01:00\" >3 March 2026<\/time><span class='categsection'> Actualit\u00e9s <\/span><\/div><div class='slide-entry-excerpt entry-content'  itemprop=\"text\" >NOZ ouvre ses portes \u00e0 Bordeaux (33) !<\/div><\/div><footer class=\"entry-footer\"><\/footer><span class='hidden'>\r\n\t\t\t\t<span class='av-structured-data'  itemprop=\"image\" itemscope=\"itemscope\" itemtype=\"https:\/\/schema.org\/ImageObject\" >\r\n\t\t\t\t\t\t<span itemprop='url'>https:\/\/www.noz.fr\/uploads\/2026\/03\/1.png<\/span>\r\n\t\t\t\t\t\t<span itemprop='height'>1572<\/span>\r\n\t\t\t\t\t\t<span itemprop='width'>2951<\/span>\r\n\t\t\t\t<\/span>\r\n\t\t\t\t<span class='av-structured-data'  itemprop=\"publisher\" itemtype=\"https:\/\/schema.org\/Organization\" itemscope=\"itemscope\" >\r\n\t\t\t\t\t\t<span itemprop='name'>Romain Chevillon<\/span>\r\n\t\t\t\t\t\t<span itemprop='logo' itemscope itemtype='https:\/\/schema.org\/ImageObject'>\r\n\t\t\t\t\t\t\t<span itemprop='url'>https:\/\/www.noz.fr\/uploads\/2023\/06\/logo-noz.svg<\/span>\r\n\t\t\t\t\t\t<\/span>\r\n\t\t\t\t<\/span><span class='av-structured-data'  itemprop=\"author\" itemscope=\"itemscope\" itemtype=\"https:\/\/schema.org\/Person\" ><span itemprop='name'>Romain Chevillon<\/span><\/span><span class='av-structured-data'  itemprop=\"datePublished\" datetime=\"2024-10-15T11:20:20+02:00\" >2026-03-03 16:02:21<\/span><span class='av-structured-data'  itemprop=\"dateModified\" itemtype=\"https:\/\/schema.org\/dateModified\" >2026-03-03 16:02:23<\/span><span class='av-structured-data'  itemprop=\"mainEntityOfPage\" itemtype=\"https:\/\/schema.org\/mainEntityOfPage\" ><span itemprop='name'>Ouverture de NOZ \u00e0 Bordeaux (33)<\/span><\/span><\/span><\/article><\/div><div class=\"slide-entry-wrap\"><article class='slide-entry flex_column  post-entry post-entry-122094 slide-entry-overview slide-loop-7 slide-parity-odd  av_one_third first real-thumbnail posttype-post post-format-standard'  itemscope=\"itemscope\" itemtype=\"https:\/\/schema.org\/BlogPosting\" itemprop=\"blogPost\" ><a href='https:\/\/www.noz.fr\/en\/vinyles-pop-culture-noz\/' data-rel='slide-1' class='slide-image' title='Arrivage de vinyles Pop Culture'><img decoding=\"async\" width=\"495\" height=\"400\" src=\"https:\/\/www.noz.fr\/uploads\/2026\/02\/post-fb-1-495x400.png\" class=\"wp-image-122115 avia-img-lazy-loading-not-122115 attachment-portfolio size-portfolio wp-post-image\" alt=\"Arrivage de vinyles chez NOZ\" srcset=\"https:\/\/www.noz.fr\/uploads\/2026\/02\/post-fb-1-495x400.png 495w, https:\/\/www.noz.fr\/uploads\/2026\/02\/post-fb-1-845x684.png 845w\" sizes=\"(max-width: 495px) 100vw, 495px\" \/><\/a><div class=\"slide-content\"><header class=\"entry-content-header\"><h3 class='slide-entry-title entry-title '  itemprop=\"headline\" ><a href='https:\/\/www.noz.fr\/en\/vinyles-pop-culture-noz\/' title='Arrivage de vinyles Pop Culture'>Arrivage de vinyles Pop Culture<\/a><\/h3><span class=\"av-vertical-delimiter\"><\/span><\/header><div class=\"slide-meta\"><time class='slide-meta-time updated'  itemprop=\"datePublished\" datetime=\"2026-02-19T16:41:07+01:00\" >19 February 2026<\/time><span class='categsection'> Actualit\u00e9s <\/span><\/div><div class='slide-entry-excerpt entry-content'  itemprop=\"text\" >Arrivage de vinyles chez NOZ<\/div><\/div><footer class=\"entry-footer\"><\/footer><span class='hidden'>\r\n\t\t\t\t<span class='av-structured-data'  itemprop=\"image\" itemscope=\"itemscope\" itemtype=\"https:\/\/schema.org\/ImageObject\" >\r\n\t\t\t\t\t\t<span itemprop='url'>https:\/\/www.noz.fr\/uploads\/2026\/02\/post-fb-1.png<\/span>\r\n\t\t\t\t\t\t<span itemprop='height'>1200<\/span>\r\n\t\t\t\t\t\t<span itemprop='width'>1200<\/span>\r\n\t\t\t\t<\/span>\r\n\t\t\t\t<span class='av-structured-data'  itemprop=\"publisher\" itemtype=\"https:\/\/schema.org\/Organization\" itemscope=\"itemscope\" >\r\n\t\t\t\t\t\t<span itemprop='name'>Romain Chevillon<\/span>\r\n\t\t\t\t\t\t<span itemprop='logo' itemscope itemtype='https:\/\/schema.org\/ImageObject'>\r\n\t\t\t\t\t\t\t<span itemprop='url'>https:\/\/www.noz.fr\/uploads\/2023\/06\/logo-noz.svg<\/span>\r\n\t\t\t\t\t\t<\/span>\r\n\t\t\t\t<\/span><span class='av-structured-data'  itemprop=\"author\" itemscope=\"itemscope\" itemtype=\"https:\/\/schema.org\/Person\" ><span itemprop='name'>Romain Chevillon<\/span><\/span><span class='av-structured-data'  itemprop=\"datePublished\" datetime=\"2024-10-15T11:20:20+02:00\" >2026-02-19 16:41:07<\/span><span class='av-structured-data'  itemprop=\"dateModified\" itemtype=\"https:\/\/schema.org\/dateModified\" >2026-02-19 17:06:12<\/span><span class='av-structured-data'  itemprop=\"mainEntityOfPage\" itemtype=\"https:\/\/schema.org\/mainEntityOfPage\" ><span itemprop='name'>Arrivage de vinyles Pop Culture<\/span><\/span><\/span><\/article><article class='slide-entry flex_column  post-entry post-entry-114422 slide-entry-overview slide-loop-8 slide-parity-even  av_one_third  real-thumbnail posttype-post post-format-standard'  itemscope=\"itemscope\" itemtype=\"https:\/\/schema.org\/BlogPosting\" itemprop=\"blogPost\" ><a href='https:\/\/www.noz.fr\/en\/noz-ouverture-evreux-27\/' data-rel='slide-1' class='slide-image' title='NOZ ouvre \u00e0 Evreux (27)'><img decoding=\"async\" width=\"495\" height=\"400\" src=\"https:\/\/www.noz.fr\/uploads\/2025\/12\/evreux3-495x400.jpg\" class=\"wp-image-114433 avia-img-lazy-loading-not-114433 attachment-portfolio size-portfolio wp-post-image\" alt=\"Ouverture de NOZ \u00e0 Evreux (27)\" \/><\/a><div class=\"slide-content\"><header class=\"entry-content-header\"><h3 class='slide-entry-title entry-title '  itemprop=\"headline\" ><a href='https:\/\/www.noz.fr\/en\/noz-ouverture-evreux-27\/' title='NOZ ouvre \u00e0 Evreux (27)'>NOZ ouvre \u00e0 Evreux (27)<\/a><\/h3><span class=\"av-vertical-delimiter\"><\/span><\/header><div class=\"slide-meta\"><time class='slide-meta-time updated'  itemprop=\"datePublished\" datetime=\"2025-12-19T14:21:02+01:00\" >19 December 2025<\/time><span class='categsection'> Actualit\u00e9s <\/span><\/div><div class='slide-entry-excerpt entry-content'  itemprop=\"text\" >NOZ ouvre ses portes \u00e0 Evreux !<\/div><\/div><footer class=\"entry-footer\"><\/footer><span class='hidden'>\r\n\t\t\t\t<span class='av-structured-data'  itemprop=\"image\" itemscope=\"itemscope\" itemtype=\"https:\/\/schema.org\/ImageObject\" >\r\n\t\t\t\t\t\t<span itemprop='url'>https:\/\/www.noz.fr\/uploads\/2025\/12\/evreux3.jpg<\/span>\r\n\t\t\t\t\t\t<span itemprop='height'>404<\/span>\r\n\t\t\t\t\t\t<span itemprop='width'>718<\/span>\r\n\t\t\t\t<\/span>\r\n\t\t\t\t<span class='av-structured-data'  itemprop=\"publisher\" itemtype=\"https:\/\/schema.org\/Organization\" itemscope=\"itemscope\" >\r\n\t\t\t\t\t\t<span itemprop='name'>Romain Chevillon<\/span>\r\n\t\t\t\t\t\t<span itemprop='logo' itemscope itemtype='https:\/\/schema.org\/ImageObject'>\r\n\t\t\t\t\t\t\t<span itemprop='url'>https:\/\/www.noz.fr\/uploads\/2023\/06\/logo-noz.svg<\/span>\r\n\t\t\t\t\t\t<\/span>\r\n\t\t\t\t<\/span><span class='av-structured-data'  itemprop=\"author\" itemscope=\"itemscope\" itemtype=\"https:\/\/schema.org\/Person\" ><span itemprop='name'>Romain Chevillon<\/span><\/span><span class='av-structured-data'  itemprop=\"datePublished\" datetime=\"2024-10-15T11:20:20+02:00\" >2025-12-19 14:21:02<\/span><span class='av-structured-data'  itemprop=\"dateModified\" itemtype=\"https:\/\/schema.org\/dateModified\" >2025-12-19 14:21:05<\/span><span class='av-structured-data'  itemprop=\"mainEntityOfPage\" itemtype=\"https:\/\/schema.org\/mainEntityOfPage\" ><span itemprop='name'>NOZ ouvre \u00e0 Evreux (27)<\/span><\/span><\/span><\/article><article class='slide-entry flex_column  post-entry post-entry-112654 slide-entry-overview slide-loop-9 slide-parity-odd  post-entry-last  av_one_third  real-thumbnail posttype-post post-format-standard'  itemscope=\"itemscope\" itemtype=\"https:\/\/schema.org\/BlogPosting\" itemprop=\"blogPost\" ><a href='https:\/\/www.noz.fr\/en\/ouverture-de-noz-a-artigues-pres-bordeaux-33\/' data-rel='slide-1' class='slide-image' title='NOZ ouvre \u00e0 Artigues-pr\u00e8s-Bordeaux (33)'><img decoding=\"async\" width=\"495\" height=\"400\" src=\"https:\/\/www.noz.fr\/uploads\/2025\/12\/artigues1-495x400.jpg\" class=\"wp-image-112655 avia-img-lazy-loading-not-112655 attachment-portfolio size-portfolio wp-post-image\" alt=\"Equipe de NOZ Artigues-pr\u00e8s-Bordeaux.\" \/><\/a><div class=\"slide-content\"><header class=\"entry-content-header\"><h3 class='slide-entry-title entry-title '  itemprop=\"headline\" ><a href='https:\/\/www.noz.fr\/en\/ouverture-de-noz-a-artigues-pres-bordeaux-33\/' title='NOZ ouvre \u00e0 Artigues-pr\u00e8s-Bordeaux (33)'>NOZ ouvre \u00e0 Artigues-pr\u00e8s-Bordeaux (33)<\/a><\/h3><span class=\"av-vertical-delimiter\"><\/span><\/header><div class=\"slide-meta\"><time class='slide-meta-time updated'  itemprop=\"datePublished\" datetime=\"2025-12-04T09:53:53+01:00\" >4 December 2025<\/time><span class='categsection'> Actualit\u00e9s <\/span><\/div><div class='slide-entry-excerpt entry-content'  itemprop=\"text\" >NOZ ouvre ses portes \u00e0 Artigues-pr\u00e8s-Bordeaux !<\/div><\/div><footer class=\"entry-footer\"><\/footer><span class='hidden'>\r\n\t\t\t\t<span class='av-structured-data'  itemprop=\"image\" itemscope=\"itemscope\" itemtype=\"https:\/\/schema.org\/ImageObject\" >\r\n\t\t\t\t\t\t<span itemprop='url'>https:\/\/www.noz.fr\/uploads\/2025\/12\/artigues1.jpg<\/span>\r\n\t\t\t\t\t\t<span itemprop='height'>600<\/span>\r\n\t\t\t\t\t\t<span itemprop='width'>561<\/span>\r\n\t\t\t\t<\/span>\r\n\t\t\t\t<span class='av-structured-data'  itemprop=\"publisher\" itemtype=\"https:\/\/schema.org\/Organization\" itemscope=\"itemscope\" >\r\n\t\t\t\t\t\t<span itemprop='name'>Romain Chevillon<\/span>\r\n\t\t\t\t\t\t<span itemprop='logo' itemscope itemtype='https:\/\/schema.org\/ImageObject'>\r\n\t\t\t\t\t\t\t<span itemprop='url'>https:\/\/www.noz.fr\/uploads\/2023\/06\/logo-noz.svg<\/span>\r\n\t\t\t\t\t\t<\/span>\r\n\t\t\t\t<\/span><span class='av-structured-data'  itemprop=\"author\" itemscope=\"itemscope\" itemtype=\"https:\/\/schema.org\/Person\" ><span itemprop='name'>Romain Chevillon<\/span><\/span><span class='av-structured-data'  itemprop=\"datePublished\" datetime=\"2024-10-15T11:20:20+02:00\" >2025-12-04 09:53:53<\/span><span class='av-structured-data'  itemprop=\"dateModified\" itemtype=\"https:\/\/schema.org\/dateModified\" >2025-12-04 09:53:55<\/span><span class='av-structured-data'  itemprop=\"mainEntityOfPage\" itemtype=\"https:\/\/schema.org\/mainEntityOfPage\" ><span itemprop='name'>NOZ ouvre \u00e0 Artigues-pr\u00e8s-Bordeaux (33)<\/span><\/span><\/span><\/article><\/div><\/div><div class='avia-slideshow-arrows avia-slideshow-controls' ><a href='#prev' class='prev-slide ' aria-hidden='true' data-av_icon='\ue87c' data-av_iconfont='entypo-fontello'  tabindex='-1'>Previous<\/a><a href='#next' class='next-slide ' aria-hidden='true' data-av_icon='\ue87d' data-av_iconfont='entypo-fontello'  tabindex='-1'>Next<\/a><\/div><\/div><br \/>\n<div  data-slideshow-options=\"{&quot;animation&quot;:&quot;fade&quot;,&quot;autoplay&quot;:false,&quot;loop_autoplay&quot;:&quot;once&quot;,&quot;interval&quot;:&quot;5&quot;,&quot;loop_manual&quot;:&quot;manual-endless&quot;,&quot;autoplay_stopper&quot;:false,&quot;noNavigation&quot;:false,&quot;show_slide_delay&quot;:90}\" class='avia-content-slider avia-content-slider-active avia-content-slider2 avia-content-slider-odd  avia-builder-el-21  el_after_av_postslider  avia-builder-el-last  av-slideshow-ui av-control-default   av-no-slider-navigation av-slideshow-manual av-loop-once av-loop-manual-endless  av-desktop-hide'  itemscope=\"itemscope\" itemtype=\"https:\/\/schema.org\/Blog\" ><div class=\"avia-content-slider-inner\"><div class=\"slide-entry-wrap\"><article class='slide-entry flex_column  post-entry post-entry-131175 slide-entry-overview slide-loop-1 slide-parity-odd  av_fullwidth first real-thumbnail posttype-post post-format-standard'  itemscope=\"itemscope\" itemtype=\"https:\/\/schema.org\/BlogPosting\" itemprop=\"blogPost\" ><a href='https:\/\/www.noz.fr\/en\/ouverture-exceptionnelle-de-vos-magasins-noz-vendredi-8-mai\/' data-rel='slide-2' class='slide-image' title='Ouverture exceptionnelle de vos magasins NOZ vendredi 8 mai !'><img decoding=\"async\" width=\"1030\" height=\"1030\" src=\"https:\/\/www.noz.fr\/uploads\/2026\/04\/8-mai-1030x1030.jpg\" class=\"wp-image-131202 avia-img-lazy-loading-not-131202 attachment-large size-large wp-post-image\" alt=\"Ouverture NOZ le 8 mai\" srcset=\"https:\/\/www.noz.fr\/uploads\/2026\/04\/8-mai-1030x1030.jpg 1030w, https:\/\/www.noz.fr\/uploads\/2026\/04\/8-mai-300x300.jpg 300w, https:\/\/www.noz.fr\/uploads\/2026\/04\/8-mai-80x80.jpg 80w, https:\/\/www.noz.fr\/uploads\/2026\/04\/8-mai-768x768.jpg 768w, https:\/\/www.noz.fr\/uploads\/2026\/04\/8-mai-12x12.jpg 12w, https:\/\/www.noz.fr\/uploads\/2026\/04\/8-mai-36x36.jpg 36w, https:\/\/www.noz.fr\/uploads\/2026\/04\/8-mai-180x180.jpg 180w, https:\/\/www.noz.fr\/uploads\/2026\/04\/8-mai-705x705.jpg 705w, https:\/\/www.noz.fr\/uploads\/2026\/04\/8-mai-120x120.jpg 120w, https:\/\/www.noz.fr\/uploads\/2026\/04\/8-mai-450x450.jpg 450w, https:\/\/www.noz.fr\/uploads\/2026\/04\/8-mai-27x27.jpg 27w, https:\/\/www.noz.fr\/uploads\/2026\/04\/8-mai-600x600.jpg 600w, https:\/\/www.noz.fr\/uploads\/2026\/04\/8-mai-100x100.jpg 100w, https:\/\/www.noz.fr\/uploads\/2026\/04\/8-mai.jpg 1080w\" sizes=\"(max-width: 1030px) 100vw, 1030px\" \/><\/a><div class=\"slide-content\"><header class=\"entry-content-header\"><h3 class='slide-entry-title entry-title '  itemprop=\"headline\" ><a href='https:\/\/www.noz.fr\/en\/ouverture-exceptionnelle-de-vos-magasins-noz-vendredi-8-mai\/' title='Ouverture exceptionnelle de vos magasins NOZ vendredi 8 mai !'>Ouverture exceptionnelle de vos magasins NOZ vendredi 8 mai !<\/a><\/h3><span class=\"av-vertical-delimiter\"><\/span><\/header><div class=\"slide-meta\"><time class='slide-meta-time updated'  itemprop=\"datePublished\" datetime=\"2026-04-30T16:34:44+02:00\" >30 April 2026<\/time><span class='categsection'> Actualit\u00e9s <\/span><\/div><div class='slide-entry-excerpt entry-content'  itemprop=\"text\" >Vos magasins NOZ ouvriront leurs portes le vendredi 8 mai ! Nous vous attendons pour faire de bonnes affaires chez NOZ !<\/div><\/div><footer class=\"entry-footer\"><\/footer><span class='hidden'>\r\n\t\t\t\t<span class='av-structured-data'  itemprop=\"image\" itemscope=\"itemscope\" itemtype=\"https:\/\/schema.org\/ImageObject\" >\r\n\t\t\t\t\t\t<span itemprop='url'>https:\/\/www.noz.fr\/uploads\/2026\/04\/8-mai.jpg<\/span>\r\n\t\t\t\t\t\t<span itemprop='height'>1080<\/span>\r\n\t\t\t\t\t\t<span itemprop='width'>1080<\/span>\r\n\t\t\t\t<\/span>\r\n\t\t\t\t<span class='av-structured-data'  itemprop=\"publisher\" itemtype=\"https:\/\/schema.org\/Organization\" itemscope=\"itemscope\" >\r\n\t\t\t\t\t\t<span itemprop='name'>Romain Chevillon<\/span>\r\n\t\t\t\t\t\t<span itemprop='logo' itemscope itemtype='https:\/\/schema.org\/ImageObject'>\r\n\t\t\t\t\t\t\t<span itemprop='url'>https:\/\/www.noz.fr\/uploads\/2023\/06\/logo-noz.svg<\/span>\r\n\t\t\t\t\t\t<\/span>\r\n\t\t\t\t<\/span><span class='av-structured-data'  itemprop=\"author\" itemscope=\"itemscope\" itemtype=\"https:\/\/schema.org\/Person\" ><span itemprop='name'>Romain Chevillon<\/span><\/span><span class='av-structured-data'  itemprop=\"datePublished\" datetime=\"2024-10-15T11:20:20+02:00\" >2026-04-30 16:34:44<\/span><span class='av-structured-data'  itemprop=\"dateModified\" itemtype=\"https:\/\/schema.org\/dateModified\" >2026-04-30 16:34:45<\/span><span class='av-structured-data'  itemprop=\"mainEntityOfPage\" itemtype=\"https:\/\/schema.org\/mainEntityOfPage\" ><span itemprop='name'>Ouverture exceptionnelle de vos magasins NOZ vendredi 8 mai !<\/span><\/span><\/span><\/article><\/div><div class=\"slide-entry-wrap\"><article class='slide-entry flex_column  post-entry post-entry-129318 slide-entry-overview slide-loop-2 slide-parity-odd  av_fullwidth first real-thumbnail posttype-post post-format-standard'  itemscope=\"itemscope\" itemtype=\"https:\/\/schema.org\/BlogPosting\" itemprop=\"blogPost\" ><a href='https:\/\/www.noz.fr\/en\/noz-ouvre-ses-portes-a-beynost\/' data-rel='slide-2' class='slide-image' title='Ouverture de NOZ \u00e0 Beynost'><img decoding=\"async\" width=\"800\" height=\"450\" src=\"https:\/\/www.noz.fr\/uploads\/2026\/04\/equipe-1.jpg\" class=\"wp-image-130011 avia-img-lazy-loading-not-130011 attachment-large size-large wp-post-image\" alt=\"\u00e9quipe beynost\" srcset=\"https:\/\/www.noz.fr\/uploads\/2026\/04\/equipe-1.jpg 800w, https:\/\/www.noz.fr\/uploads\/2026\/04\/equipe-1-300x169.jpg 300w, https:\/\/www.noz.fr\/uploads\/2026\/04\/equipe-1-768x432.jpg 768w, https:\/\/www.noz.fr\/uploads\/2026\/04\/equipe-1-18x10.jpg 18w, https:\/\/www.noz.fr\/uploads\/2026\/04\/equipe-1-705x397.jpg 705w, https:\/\/www.noz.fr\/uploads\/2026\/04\/equipe-1-450x253.jpg 450w, https:\/\/www.noz.fr\/uploads\/2026\/04\/equipe-1-31x17.jpg 31w, https:\/\/www.noz.fr\/uploads\/2026\/04\/equipe-1-600x338.jpg 600w\" sizes=\"(max-width: 800px) 100vw, 800px\" \/><\/a><div class=\"slide-content\"><header class=\"entry-content-header\"><h3 class='slide-entry-title entry-title '  itemprop=\"headline\" ><a href='https:\/\/www.noz.fr\/en\/noz-ouvre-ses-portes-a-beynost\/' title='Ouverture de NOZ \u00e0 Beynost'>Ouverture de NOZ \u00e0 Beynost<\/a><\/h3><span class=\"av-vertical-delimiter\"><\/span><\/header><div class=\"slide-meta\"><time class='slide-meta-time updated'  itemprop=\"datePublished\" datetime=\"2026-04-21T11:24:02+02:00\" >21 April 2026<\/time><span class='categsection'> Actualit\u00e9s <\/span><\/div><div class='slide-entry-excerpt entry-content'  itemprop=\"text\" >NOZ ouvre ses portes \u00e0 Beynost (01) !<\/div><\/div><footer class=\"entry-footer\"><\/footer><span class='hidden'>\r\n\t\t\t\t<span class='av-structured-data'  itemprop=\"image\" itemscope=\"itemscope\" itemtype=\"https:\/\/schema.org\/ImageObject\" >\r\n\t\t\t\t\t\t<span itemprop='url'>https:\/\/www.noz.fr\/uploads\/2026\/04\/equipe-1.jpg<\/span>\r\n\t\t\t\t\t\t<span itemprop='height'>450<\/span>\r\n\t\t\t\t\t\t<span itemprop='width'>800<\/span>\r\n\t\t\t\t<\/span>\r\n\t\t\t\t<span class='av-structured-data'  itemprop=\"publisher\" itemtype=\"https:\/\/schema.org\/Organization\" itemscope=\"itemscope\" >\r\n\t\t\t\t\t\t<span itemprop='name'>Romain Chevillon<\/span>\r\n\t\t\t\t\t\t<span itemprop='logo' itemscope itemtype='https:\/\/schema.org\/ImageObject'>\r\n\t\t\t\t\t\t\t<span itemprop='url'>https:\/\/www.noz.fr\/uploads\/2023\/06\/logo-noz.svg<\/span>\r\n\t\t\t\t\t\t<\/span>\r\n\t\t\t\t<\/span><span class='av-structured-data'  itemprop=\"author\" itemscope=\"itemscope\" itemtype=\"https:\/\/schema.org\/Person\" ><span itemprop='name'>Romain Chevillon<\/span><\/span><span class='av-structured-data'  itemprop=\"datePublished\" datetime=\"2024-10-15T11:20:20+02:00\" >2026-04-21 11:24:02<\/span><span class='av-structured-data'  itemprop=\"dateModified\" itemtype=\"https:\/\/schema.org\/dateModified\" >2026-04-21 11:24:04<\/span><span class='av-structured-data'  itemprop=\"mainEntityOfPage\" itemtype=\"https:\/\/schema.org\/mainEntityOfPage\" ><span itemprop='name'>Ouverture de NOZ \u00e0 Beynost<\/span><\/span><\/span><\/article><\/div><div class=\"slide-entry-wrap\"><article class='slide-entry flex_column  post-entry post-entry-129320 slide-entry-overview slide-loop-3 slide-parity-odd  av_fullwidth first real-thumbnail posttype-post post-format-standard'  itemscope=\"itemscope\" itemtype=\"https:\/\/schema.org\/BlogPosting\" itemprop=\"blogPost\" ><a href='https:\/\/www.noz.fr\/en\/ouverture-de-noz-a-gonfreville-lorcher\/' data-rel='slide-2' class='slide-image' title='NOZ r\u00e9ouvre ses portes \u00e0 Gonfreville-l\u2019Orcher'><img decoding=\"async\" width=\"800\" height=\"600\" src=\"https:\/\/www.noz.fr\/uploads\/2026\/04\/equipe.jpg\" class=\"wp-image-130006 avia-img-lazy-loading-not-130006 attachment-large size-large wp-post-image\" alt=\"\u00e9quipe gonfreville\" srcset=\"https:\/\/www.noz.fr\/uploads\/2026\/04\/equipe.jpg 800w, https:\/\/www.noz.fr\/uploads\/2026\/04\/equipe-300x225.jpg 300w, https:\/\/www.noz.fr\/uploads\/2026\/04\/equipe-768x576.jpg 768w, https:\/\/www.noz.fr\/uploads\/2026\/04\/equipe-16x12.jpg 16w, https:\/\/www.noz.fr\/uploads\/2026\/04\/equipe-705x529.jpg 705w, https:\/\/www.noz.fr\/uploads\/2026\/04\/equipe-450x338.jpg 450w, https:\/\/www.noz.fr\/uploads\/2026\/04\/equipe-31x23.jpg 31w, https:\/\/www.noz.fr\/uploads\/2026\/04\/equipe-600x450.jpg 600w\" sizes=\"(max-width: 800px) 100vw, 800px\" \/><\/a><div class=\"slide-content\"><header class=\"entry-content-header\"><h3 class='slide-entry-title entry-title '  itemprop=\"headline\" ><a href='https:\/\/www.noz.fr\/en\/ouverture-de-noz-a-gonfreville-lorcher\/' title='NOZ r\u00e9ouvre ses portes \u00e0 Gonfreville-l\u2019Orcher'>NOZ r\u00e9ouvre ses portes \u00e0 Gonfreville-l\u2019Orcher<\/a><\/h3><span class=\"av-vertical-delimiter\"><\/span><\/header><div class=\"slide-meta\"><time class='slide-meta-time updated'  itemprop=\"datePublished\" datetime=\"2026-04-21T11:20:05+02:00\" >21 April 2026<\/time><span class='categsection'> Actualit\u00e9s <\/span><\/div><div class='slide-entry-excerpt entry-content'  itemprop=\"text\" >NOZ r\u00e9ouvre ses portes \u00e0 Gonfreville-l'Orcher (76) !<\/div><\/div><footer class=\"entry-footer\"><\/footer><span class='hidden'>\r\n\t\t\t\t<span class='av-structured-data'  itemprop=\"image\" itemscope=\"itemscope\" itemtype=\"https:\/\/schema.org\/ImageObject\" >\r\n\t\t\t\t\t\t<span itemprop='url'>https:\/\/www.noz.fr\/uploads\/2026\/04\/equipe.jpg<\/span>\r\n\t\t\t\t\t\t<span itemprop='height'>600<\/span>\r\n\t\t\t\t\t\t<span itemprop='width'>800<\/span>\r\n\t\t\t\t<\/span>\r\n\t\t\t\t<span class='av-structured-data'  itemprop=\"publisher\" itemtype=\"https:\/\/schema.org\/Organization\" itemscope=\"itemscope\" >\r\n\t\t\t\t\t\t<span itemprop='name'>Romain Chevillon<\/span>\r\n\t\t\t\t\t\t<span itemprop='logo' itemscope itemtype='https:\/\/schema.org\/ImageObject'>\r\n\t\t\t\t\t\t\t<span itemprop='url'>https:\/\/www.noz.fr\/uploads\/2023\/06\/logo-noz.svg<\/span>\r\n\t\t\t\t\t\t<\/span>\r\n\t\t\t\t<\/span><span class='av-structured-data'  itemprop=\"author\" itemscope=\"itemscope\" itemtype=\"https:\/\/schema.org\/Person\" ><span itemprop='name'>Romain Chevillon<\/span><\/span><span class='av-structured-data'  itemprop=\"datePublished\" datetime=\"2024-10-15T11:20:20+02:00\" >2026-04-21 11:20:05<\/span><span class='av-structured-data'  itemprop=\"dateModified\" itemtype=\"https:\/\/schema.org\/dateModified\" >2026-04-21 11:20:07<\/span><span class='av-structured-data'  itemprop=\"mainEntityOfPage\" itemtype=\"https:\/\/schema.org\/mainEntityOfPage\" ><span itemprop='name'>NOZ r\u00e9ouvre ses portes \u00e0 Gonfreville-l\u2019Orcher<\/span><\/span><\/span><\/article><\/div><div class=\"slide-entry-wrap\"><article class='slide-entry flex_column  post-entry post-entry-129025 slide-entry-overview slide-loop-4 slide-parity-odd  av_fullwidth first real-thumbnail posttype-post post-format-standard'  itemscope=\"itemscope\" itemtype=\"https:\/\/schema.org\/BlogPosting\" itemprop=\"blogPost\" ><a href='https:\/\/www.noz.fr\/en\/noz-ouvre-ses-portes-a-wittenheim\/' data-rel='slide-2' class='slide-image' title='NOZ ouvre ses portes \u00e0 Wittenheim'><img decoding=\"async\" width=\"1030\" height=\"1030\" src=\"https:\/\/www.noz.fr\/uploads\/2026\/04\/image1-1030x1030.png\" class=\"wp-image-129030 avia-img-lazy-loading-not-129030 attachment-large size-large wp-post-image\" alt=\"Equipe NOZ Wittenheim\" srcset=\"https:\/\/www.noz.fr\/uploads\/2026\/04\/image1-1030x1030.png 1030w, https:\/\/www.noz.fr\/uploads\/2026\/04\/image1-300x300.png 300w, https:\/\/www.noz.fr\/uploads\/2026\/04\/image1-80x80.png 80w, https:\/\/www.noz.fr\/uploads\/2026\/04\/image1-768x768.png 768w, https:\/\/www.noz.fr\/uploads\/2026\/04\/image1-12x12.png 12w, https:\/\/www.noz.fr\/uploads\/2026\/04\/image1-36x36.png 36w, https:\/\/www.noz.fr\/uploads\/2026\/04\/image1-180x180.png 180w, https:\/\/www.noz.fr\/uploads\/2026\/04\/image1-705x705.png 705w, https:\/\/www.noz.fr\/uploads\/2026\/04\/image1-120x120.png 120w, https:\/\/www.noz.fr\/uploads\/2026\/04\/image1-450x450.png 450w, https:\/\/www.noz.fr\/uploads\/2026\/04\/image1-27x27.png 27w, https:\/\/www.noz.fr\/uploads\/2026\/04\/image1-600x600.png 600w, https:\/\/www.noz.fr\/uploads\/2026\/04\/image1-100x100.png 100w, https:\/\/www.noz.fr\/uploads\/2026\/04\/image1.png 1200w\" sizes=\"(max-width: 1030px) 100vw, 1030px\" \/><\/a><div class=\"slide-content\"><header class=\"entry-content-header\"><h3 class='slide-entry-title entry-title '  itemprop=\"headline\" ><a href='https:\/\/www.noz.fr\/en\/noz-ouvre-ses-portes-a-wittenheim\/' title='NOZ ouvre ses portes \u00e0 Wittenheim'>NOZ ouvre ses portes \u00e0 Wittenheim<\/a><\/h3><span class=\"av-vertical-delimiter\"><\/span><\/header><div class=\"slide-meta\"><time class='slide-meta-time updated'  itemprop=\"datePublished\" datetime=\"2026-04-14T11:19:02+02:00\" >14 April 2026<\/time><span class='categsection'> Actualit\u00e9s <\/span><\/div><div class='slide-entry-excerpt entry-content'  itemprop=\"text\" >NOZ ouvre ses portes \u00e0 Wittenheim (68) !<\/div><\/div><footer class=\"entry-footer\"><\/footer><span class='hidden'>\r\n\t\t\t\t<span class='av-structured-data'  itemprop=\"image\" itemscope=\"itemscope\" itemtype=\"https:\/\/schema.org\/ImageObject\" >\r\n\t\t\t\t\t\t<span itemprop='url'>https:\/\/www.noz.fr\/uploads\/2026\/04\/image1.png<\/span>\r\n\t\t\t\t\t\t<span itemprop='height'>1200<\/span>\r\n\t\t\t\t\t\t<span itemprop='width'>1200<\/span>\r\n\t\t\t\t<\/span>\r\n\t\t\t\t<span class='av-structured-data'  itemprop=\"publisher\" itemtype=\"https:\/\/schema.org\/Organization\" itemscope=\"itemscope\" >\r\n\t\t\t\t\t\t<span itemprop='name'>Romain Chevillon<\/span>\r\n\t\t\t\t\t\t<span itemprop='logo' itemscope itemtype='https:\/\/schema.org\/ImageObject'>\r\n\t\t\t\t\t\t\t<span itemprop='url'>https:\/\/www.noz.fr\/uploads\/2023\/06\/logo-noz.svg<\/span>\r\n\t\t\t\t\t\t<\/span>\r\n\t\t\t\t<\/span><span class='av-structured-data'  itemprop=\"author\" itemscope=\"itemscope\" itemtype=\"https:\/\/schema.org\/Person\" ><span itemprop='name'>Romain Chevillon<\/span><\/span><span class='av-structured-data'  itemprop=\"datePublished\" datetime=\"2024-10-15T11:20:20+02:00\" >2026-04-14 11:19:02<\/span><span class='av-structured-data'  itemprop=\"dateModified\" itemtype=\"https:\/\/schema.org\/dateModified\" >2026-04-14 11:24:32<\/span><span class='av-structured-data'  itemprop=\"mainEntityOfPage\" itemtype=\"https:\/\/schema.org\/mainEntityOfPage\" ><span itemprop='name'>NOZ ouvre ses portes \u00e0 Wittenheim<\/span><\/span><\/span><\/article><\/div><div class=\"slide-entry-wrap\"><article class='slide-entry flex_column  post-entry post-entry-124444 slide-entry-overview slide-loop-5 slide-parity-odd  av_fullwidth first real-thumbnail posttype-post post-format-standard'  itemscope=\"itemscope\" itemtype=\"https:\/\/schema.org\/BlogPosting\" itemprop=\"blogPost\" ><a href='https:\/\/www.noz.fr\/en\/ouverture-exceptionnelle-de-vos-magasins-noz-le-6-avril\/' data-rel='slide-2' class='slide-image' title='Ouverture exceptionnelle de vos magasins NOZ le 6 avril !'><img decoding=\"async\" width=\"1030\" height=\"1030\" src=\"https:\/\/www.noz.fr\/uploads\/2026\/03\/Visuel-RS_Ouverture-exceptionnelle-1030x1030.jpg\" class=\"wp-image-124449 avia-img-lazy-loading-not-124449 attachment-large size-large wp-post-image\" alt=\"Ouverture de NOZ \u00e0 P\u00e2ques, le 6 avril.\" srcset=\"https:\/\/www.noz.fr\/uploads\/2026\/03\/Visuel-RS_Ouverture-exceptionnelle-1030x1030.jpg 1030w, https:\/\/www.noz.fr\/uploads\/2026\/03\/Visuel-RS_Ouverture-exceptionnelle-300x300.jpg 300w, https:\/\/www.noz.fr\/uploads\/2026\/03\/Visuel-RS_Ouverture-exceptionnelle-80x80.jpg 80w, https:\/\/www.noz.fr\/uploads\/2026\/03\/Visuel-RS_Ouverture-exceptionnelle-768x768.jpg 768w, https:\/\/www.noz.fr\/uploads\/2026\/03\/Visuel-RS_Ouverture-exceptionnelle-12x12.jpg 12w, https:\/\/www.noz.fr\/uploads\/2026\/03\/Visuel-RS_Ouverture-exceptionnelle-36x36.jpg 36w, https:\/\/www.noz.fr\/uploads\/2026\/03\/Visuel-RS_Ouverture-exceptionnelle-180x180.jpg 180w, https:\/\/www.noz.fr\/uploads\/2026\/03\/Visuel-RS_Ouverture-exceptionnelle-705x705.jpg 705w, https:\/\/www.noz.fr\/uploads\/2026\/03\/Visuel-RS_Ouverture-exceptionnelle-120x120.jpg 120w, https:\/\/www.noz.fr\/uploads\/2026\/03\/Visuel-RS_Ouverture-exceptionnelle-450x450.jpg 450w, https:\/\/www.noz.fr\/uploads\/2026\/03\/Visuel-RS_Ouverture-exceptionnelle-27x27.jpg 27w, https:\/\/www.noz.fr\/uploads\/2026\/03\/Visuel-RS_Ouverture-exceptionnelle-600x600.jpg 600w, https:\/\/www.noz.fr\/uploads\/2026\/03\/Visuel-RS_Ouverture-exceptionnelle-100x100.jpg 100w, https:\/\/www.noz.fr\/uploads\/2026\/03\/Visuel-RS_Ouverture-exceptionnelle.jpg 1080w\" sizes=\"(max-width: 1030px) 100vw, 1030px\" \/><\/a><div class=\"slide-content\"><header class=\"entry-content-header\"><h3 class='slide-entry-title entry-title '  itemprop=\"headline\" ><a href='https:\/\/www.noz.fr\/en\/ouverture-exceptionnelle-de-vos-magasins-noz-le-6-avril\/' title='Ouverture exceptionnelle de vos magasins NOZ le 6 avril !'>Ouverture exceptionnelle de vos magasins NOZ le 6 avril !<\/a><\/h3><span class=\"av-vertical-delimiter\"><\/span><\/header><div class=\"slide-meta\"><time class='slide-meta-time updated'  itemprop=\"datePublished\" datetime=\"2026-03-30T16:33:47+02:00\" >30 March 2026<\/time><span class='categsection'> Actualit\u00e9s <\/span><\/div><div class='slide-entry-excerpt entry-content'  itemprop=\"text\" >\u00c0 l\u2019occasion de P\u00e2ques, vos magasins NOZ ouvriront leurs portes le vendredi 6 avril. Venez faire de bonnes affaires chez NOZ le 6 avril !<\/div><\/div><footer class=\"entry-footer\"><\/footer><span class='hidden'>\r\n\t\t\t\t<span class='av-structured-data'  itemprop=\"image\" itemscope=\"itemscope\" itemtype=\"https:\/\/schema.org\/ImageObject\" >\r\n\t\t\t\t\t\t<span itemprop='url'>https:\/\/www.noz.fr\/uploads\/2026\/03\/Visuel-RS_Ouverture-exceptionnelle.jpg<\/span>\r\n\t\t\t\t\t\t<span itemprop='height'>1080<\/span>\r\n\t\t\t\t\t\t<span itemprop='width'>1080<\/span>\r\n\t\t\t\t<\/span>\r\n\t\t\t\t<span class='av-structured-data'  itemprop=\"publisher\" itemtype=\"https:\/\/schema.org\/Organization\" itemscope=\"itemscope\" >\r\n\t\t\t\t\t\t<span itemprop='name'>Romain Chevillon<\/span>\r\n\t\t\t\t\t\t<span itemprop='logo' itemscope itemtype='https:\/\/schema.org\/ImageObject'>\r\n\t\t\t\t\t\t\t<span itemprop='url'>https:\/\/www.noz.fr\/uploads\/2023\/06\/logo-noz.svg<\/span>\r\n\t\t\t\t\t\t<\/span>\r\n\t\t\t\t<\/span><span class='av-structured-data'  itemprop=\"author\" itemscope=\"itemscope\" itemtype=\"https:\/\/schema.org\/Person\" ><span itemprop='name'>Romain Chevillon<\/span><\/span><span class='av-structured-data'  itemprop=\"datePublished\" datetime=\"2024-10-15T11:20:20+02:00\" >2026-03-30 16:33:47<\/span><span class='av-structured-data'  itemprop=\"dateModified\" itemtype=\"https:\/\/schema.org\/dateModified\" >2026-04-02 17:26:48<\/span><span class='av-structured-data'  itemprop=\"mainEntityOfPage\" itemtype=\"https:\/\/schema.org\/mainEntityOfPage\" ><span itemprop='name'>Ouverture exceptionnelle de vos magasins NOZ le 6 avril !<\/span><\/span><\/span><\/article><\/div><div class=\"slide-entry-wrap\"><article class='slide-entry flex_column  post-entry post-entry-123370 slide-entry-overview slide-loop-6 slide-parity-odd  av_fullwidth first real-thumbnail posttype-post post-format-standard'  itemscope=\"itemscope\" itemtype=\"https:\/\/schema.org\/BlogPosting\" itemprop=\"blogPost\" ><a href='https:\/\/www.noz.fr\/en\/ouverture-de-noz-a-bordeaux-33\/' data-rel='slide-2' class='slide-image' title='Ouverture de NOZ \u00e0 Bordeaux (33)'><img decoding=\"async\" width=\"1030\" height=\"549\" src=\"https:\/\/www.noz.fr\/uploads\/2026\/03\/1-1030x549.png\" class=\"wp-image-123371 avia-img-lazy-loading-not-123371 attachment-large size-large wp-post-image\" alt=\"Photo \u00e9quipe NOZ Bordeaux (33)\" srcset=\"https:\/\/www.noz.fr\/uploads\/2026\/03\/1-1030x549.png 1030w, https:\/\/www.noz.fr\/uploads\/2026\/03\/1-300x160.png 300w, https:\/\/www.noz.fr\/uploads\/2026\/03\/1-768x409.png 768w, https:\/\/www.noz.fr\/uploads\/2026\/03\/1-1536x818.png 1536w, https:\/\/www.noz.fr\/uploads\/2026\/03\/1-2048x1091.png 2048w, https:\/\/www.noz.fr\/uploads\/2026\/03\/1-18x10.png 18w, https:\/\/www.noz.fr\/uploads\/2026\/03\/1-1500x799.png 1500w, https:\/\/www.noz.fr\/uploads\/2026\/03\/1-705x376.png 705w, https:\/\/www.noz.fr\/uploads\/2026\/03\/1-450x240.png 450w, https:\/\/www.noz.fr\/uploads\/2026\/03\/1-31x17.png 31w, https:\/\/www.noz.fr\/uploads\/2026\/03\/1-600x320.png 600w\" sizes=\"(max-width: 1030px) 100vw, 1030px\" \/><\/a><div class=\"slide-content\"><header class=\"entry-content-header\"><h3 class='slide-entry-title entry-title '  itemprop=\"headline\" ><a href='https:\/\/www.noz.fr\/en\/ouverture-de-noz-a-bordeaux-33\/' title='Ouverture de NOZ \u00e0 Bordeaux (33)'>Ouverture de NOZ \u00e0 Bordeaux (33)<\/a><\/h3><span class=\"av-vertical-delimiter\"><\/span><\/header><div class=\"slide-meta\"><time class='slide-meta-time updated'  itemprop=\"datePublished\" datetime=\"2026-03-03T16:02:21+01:00\" >3 March 2026<\/time><span class='categsection'> Actualit\u00e9s <\/span><\/div><div class='slide-entry-excerpt entry-content'  itemprop=\"text\" >NOZ ouvre ses portes \u00e0 Bordeaux (33) !<\/div><\/div><footer class=\"entry-footer\"><\/footer><span class='hidden'>\r\n\t\t\t\t<span class='av-structured-data'  itemprop=\"image\" itemscope=\"itemscope\" itemtype=\"https:\/\/schema.org\/ImageObject\" >\r\n\t\t\t\t\t\t<span itemprop='url'>https:\/\/www.noz.fr\/uploads\/2026\/03\/1.png<\/span>\r\n\t\t\t\t\t\t<span itemprop='height'>1572<\/span>\r\n\t\t\t\t\t\t<span itemprop='width'>2951<\/span>\r\n\t\t\t\t<\/span>\r\n\t\t\t\t<span class='av-structured-data'  itemprop=\"publisher\" itemtype=\"https:\/\/schema.org\/Organization\" itemscope=\"itemscope\" >\r\n\t\t\t\t\t\t<span itemprop='name'>Romain Chevillon<\/span>\r\n\t\t\t\t\t\t<span itemprop='logo' itemscope itemtype='https:\/\/schema.org\/ImageObject'>\r\n\t\t\t\t\t\t\t<span itemprop='url'>https:\/\/www.noz.fr\/uploads\/2023\/06\/logo-noz.svg<\/span>\r\n\t\t\t\t\t\t<\/span>\r\n\t\t\t\t<\/span><span class='av-structured-data'  itemprop=\"author\" itemscope=\"itemscope\" itemtype=\"https:\/\/schema.org\/Person\" ><span itemprop='name'>Romain Chevillon<\/span><\/span><span class='av-structured-data'  itemprop=\"datePublished\" datetime=\"2024-10-15T11:20:20+02:00\" >2026-03-03 16:02:21<\/span><span class='av-structured-data'  itemprop=\"dateModified\" itemtype=\"https:\/\/schema.org\/dateModified\" >2026-03-03 16:02:23<\/span><span class='av-structured-data'  itemprop=\"mainEntityOfPage\" itemtype=\"https:\/\/schema.org\/mainEntityOfPage\" ><span itemprop='name'>Ouverture de NOZ \u00e0 Bordeaux (33)<\/span><\/span><\/span><\/article><\/div><div class=\"slide-entry-wrap\"><article class='slide-entry flex_column  post-entry post-entry-122094 slide-entry-overview slide-loop-7 slide-parity-odd  av_fullwidth first real-thumbnail posttype-post post-format-standard'  itemscope=\"itemscope\" itemtype=\"https:\/\/schema.org\/BlogPosting\" itemprop=\"blogPost\" ><a href='https:\/\/www.noz.fr\/en\/vinyles-pop-culture-noz\/' data-rel='slide-2' class='slide-image' title='Arrivage de vinyles Pop Culture'><img decoding=\"async\" width=\"1030\" height=\"1030\" src=\"https:\/\/www.noz.fr\/uploads\/2026\/02\/post-fb-1-1030x1030.png\" class=\"wp-image-122115 avia-img-lazy-loading-not-122115 attachment-large size-large wp-post-image\" alt=\"Arrivage de vinyles chez NOZ\" srcset=\"https:\/\/www.noz.fr\/uploads\/2026\/02\/post-fb-1-1030x1030.png 1030w, https:\/\/www.noz.fr\/uploads\/2026\/02\/post-fb-1-300x300.png 300w, https:\/\/www.noz.fr\/uploads\/2026\/02\/post-fb-1-80x80.png 80w, https:\/\/www.noz.fr\/uploads\/2026\/02\/post-fb-1-768x768.png 768w, https:\/\/www.noz.fr\/uploads\/2026\/02\/post-fb-1-12x12.png 12w, https:\/\/www.noz.fr\/uploads\/2026\/02\/post-fb-1-36x36.png 36w, https:\/\/www.noz.fr\/uploads\/2026\/02\/post-fb-1-180x180.png 180w, https:\/\/www.noz.fr\/uploads\/2026\/02\/post-fb-1-705x705.png 705w, https:\/\/www.noz.fr\/uploads\/2026\/02\/post-fb-1-120x120.png 120w, https:\/\/www.noz.fr\/uploads\/2026\/02\/post-fb-1-450x450.png 450w, https:\/\/www.noz.fr\/uploads\/2026\/02\/post-fb-1-27x27.png 27w, https:\/\/www.noz.fr\/uploads\/2026\/02\/post-fb-1-600x600.png 600w, https:\/\/www.noz.fr\/uploads\/2026\/02\/post-fb-1-100x100.png 100w, https:\/\/www.noz.fr\/uploads\/2026\/02\/post-fb-1.png 1200w\" sizes=\"(max-width: 1030px) 100vw, 1030px\" \/><\/a><div class=\"slide-content\"><header class=\"entry-content-header\"><h3 class='slide-entry-title entry-title '  itemprop=\"headline\" ><a href='https:\/\/www.noz.fr\/en\/vinyles-pop-culture-noz\/' title='Arrivage de vinyles Pop Culture'>Arrivage de vinyles Pop Culture<\/a><\/h3><span class=\"av-vertical-delimiter\"><\/span><\/header><div class=\"slide-meta\"><time class='slide-meta-time updated'  itemprop=\"datePublished\" datetime=\"2026-02-19T16:41:07+01:00\" >19 February 2026<\/time><span class='categsection'> Actualit\u00e9s <\/span><\/div><div class='slide-entry-excerpt entry-content'  itemprop=\"text\" >Arrivage de vinyles chez NOZ<\/div><\/div><footer class=\"entry-footer\"><\/footer><span class='hidden'>\r\n\t\t\t\t<span class='av-structured-data'  itemprop=\"image\" itemscope=\"itemscope\" itemtype=\"https:\/\/schema.org\/ImageObject\" >\r\n\t\t\t\t\t\t<span itemprop='url'>https:\/\/www.noz.fr\/uploads\/2026\/02\/post-fb-1.png<\/span>\r\n\t\t\t\t\t\t<span itemprop='height'>1200<\/span>\r\n\t\t\t\t\t\t<span itemprop='width'>1200<\/span>\r\n\t\t\t\t<\/span>\r\n\t\t\t\t<span class='av-structured-data'  itemprop=\"publisher\" itemtype=\"https:\/\/schema.org\/Organization\" itemscope=\"itemscope\" >\r\n\t\t\t\t\t\t<span itemprop='name'>Romain Chevillon<\/span>\r\n\t\t\t\t\t\t<span itemprop='logo' itemscope itemtype='https:\/\/schema.org\/ImageObject'>\r\n\t\t\t\t\t\t\t<span itemprop='url'>https:\/\/www.noz.fr\/uploads\/2023\/06\/logo-noz.svg<\/span>\r\n\t\t\t\t\t\t<\/span>\r\n\t\t\t\t<\/span><span class='av-structured-data'  itemprop=\"author\" itemscope=\"itemscope\" itemtype=\"https:\/\/schema.org\/Person\" ><span itemprop='name'>Romain Chevillon<\/span><\/span><span class='av-structured-data'  itemprop=\"datePublished\" datetime=\"2024-10-15T11:20:20+02:00\" >2026-02-19 16:41:07<\/span><span class='av-structured-data'  itemprop=\"dateModified\" itemtype=\"https:\/\/schema.org\/dateModified\" >2026-02-19 17:06:12<\/span><span class='av-structured-data'  itemprop=\"mainEntityOfPage\" itemtype=\"https:\/\/schema.org\/mainEntityOfPage\" ><span itemprop='name'>Arrivage de vinyles Pop Culture<\/span><\/span><\/span><\/article><\/div><div class=\"slide-entry-wrap\"><article class='slide-entry flex_column  post-entry post-entry-114422 slide-entry-overview slide-loop-8 slide-parity-odd  av_fullwidth first real-thumbnail posttype-post post-format-standard'  itemscope=\"itemscope\" itemtype=\"https:\/\/schema.org\/BlogPosting\" itemprop=\"blogPost\" ><a href='https:\/\/www.noz.fr\/en\/noz-ouverture-evreux-27\/' data-rel='slide-2' class='slide-image' title='NOZ ouvre \u00e0 Evreux (27)'><img decoding=\"async\" width=\"718\" height=\"404\" src=\"https:\/\/www.noz.fr\/uploads\/2025\/12\/evreux3.jpg\" class=\"wp-image-114433 avia-img-lazy-loading-not-114433 attachment-large size-large wp-post-image\" alt=\"Ouverture de NOZ \u00e0 Evreux (27)\" srcset=\"https:\/\/www.noz.fr\/uploads\/2025\/12\/evreux3.jpg 718w, https:\/\/www.noz.fr\/uploads\/2025\/12\/evreux3-300x169.jpg 300w, https:\/\/www.noz.fr\/uploads\/2025\/12\/evreux3-18x10.jpg 18w, https:\/\/www.noz.fr\/uploads\/2025\/12\/evreux3-705x397.jpg 705w, https:\/\/www.noz.fr\/uploads\/2025\/12\/evreux3-450x253.jpg 450w, https:\/\/www.noz.fr\/uploads\/2025\/12\/evreux3-31x17.jpg 31w, https:\/\/www.noz.fr\/uploads\/2025\/12\/evreux3-600x338.jpg 600w\" sizes=\"(max-width: 718px) 100vw, 718px\" \/><\/a><div class=\"slide-content\"><header class=\"entry-content-header\"><h3 class='slide-entry-title entry-title '  itemprop=\"headline\" ><a href='https:\/\/www.noz.fr\/en\/noz-ouverture-evreux-27\/' title='NOZ ouvre \u00e0 Evreux (27)'>NOZ ouvre \u00e0 Evreux (27)<\/a><\/h3><span class=\"av-vertical-delimiter\"><\/span><\/header><div class=\"slide-meta\"><time class='slide-meta-time updated'  itemprop=\"datePublished\" datetime=\"2025-12-19T14:21:02+01:00\" >19 December 2025<\/time><span class='categsection'> Actualit\u00e9s <\/span><\/div><div class='slide-entry-excerpt entry-content'  itemprop=\"text\" >NOZ ouvre ses portes \u00e0 Evreux !<\/div><\/div><footer class=\"entry-footer\"><\/footer><span class='hidden'>\r\n\t\t\t\t<span class='av-structured-data'  itemprop=\"image\" itemscope=\"itemscope\" itemtype=\"https:\/\/schema.org\/ImageObject\" >\r\n\t\t\t\t\t\t<span itemprop='url'>https:\/\/www.noz.fr\/uploads\/2025\/12\/evreux3.jpg<\/span>\r\n\t\t\t\t\t\t<span itemprop='height'>404<\/span>\r\n\t\t\t\t\t\t<span itemprop='width'>718<\/span>\r\n\t\t\t\t<\/span>\r\n\t\t\t\t<span class='av-structured-data'  itemprop=\"publisher\" itemtype=\"https:\/\/schema.org\/Organization\" itemscope=\"itemscope\" >\r\n\t\t\t\t\t\t<span itemprop='name'>Romain Chevillon<\/span>\r\n\t\t\t\t\t\t<span itemprop='logo' itemscope itemtype='https:\/\/schema.org\/ImageObject'>\r\n\t\t\t\t\t\t\t<span itemprop='url'>https:\/\/www.noz.fr\/uploads\/2023\/06\/logo-noz.svg<\/span>\r\n\t\t\t\t\t\t<\/span>\r\n\t\t\t\t<\/span><span class='av-structured-data'  itemprop=\"author\" itemscope=\"itemscope\" itemtype=\"https:\/\/schema.org\/Person\" ><span itemprop='name'>Romain Chevillon<\/span><\/span><span class='av-structured-data'  itemprop=\"datePublished\" datetime=\"2024-10-15T11:20:20+02:00\" >2025-12-19 14:21:02<\/span><span class='av-structured-data'  itemprop=\"dateModified\" itemtype=\"https:\/\/schema.org\/dateModified\" >2025-12-19 14:21:05<\/span><span class='av-structured-data'  itemprop=\"mainEntityOfPage\" itemtype=\"https:\/\/schema.org\/mainEntityOfPage\" ><span itemprop='name'>NOZ ouvre \u00e0 Evreux (27)<\/span><\/span><\/span><\/article><\/div><div class=\"slide-entry-wrap\"><article class='slide-entry flex_column  post-entry post-entry-112654 slide-entry-overview slide-loop-9 slide-parity-odd  post-entry-last  av_fullwidth first real-thumbnail posttype-post post-format-standard'  itemscope=\"itemscope\" itemtype=\"https:\/\/schema.org\/BlogPosting\" itemprop=\"blogPost\" ><a href='https:\/\/www.noz.fr\/en\/ouverture-de-noz-a-artigues-pres-bordeaux-33\/' data-rel='slide-2' class='slide-image' title='NOZ ouvre \u00e0 Artigues-pr\u00e8s-Bordeaux (33)'><img decoding=\"async\" width=\"561\" height=\"600\" src=\"https:\/\/www.noz.fr\/uploads\/2025\/12\/artigues1.jpg\" class=\"wp-image-112655 avia-img-lazy-loading-not-112655 attachment-large size-large wp-post-image\" alt=\"Equipe de NOZ Artigues-pr\u00e8s-Bordeaux.\" srcset=\"https:\/\/www.noz.fr\/uploads\/2025\/12\/artigues1.jpg 561w, https:\/\/www.noz.fr\/uploads\/2025\/12\/artigues1-281x300.jpg 281w, https:\/\/www.noz.fr\/uploads\/2025\/12\/artigues1-11x12.jpg 11w, https:\/\/www.noz.fr\/uploads\/2025\/12\/artigues1-450x481.jpg 450w, https:\/\/www.noz.fr\/uploads\/2025\/12\/artigues1-25x27.jpg 25w\" sizes=\"(max-width: 561px) 100vw, 561px\" \/><\/a><div class=\"slide-content\"><header class=\"entry-content-header\"><h3 class='slide-entry-title entry-title '  itemprop=\"headline\" ><a href='https:\/\/www.noz.fr\/en\/ouverture-de-noz-a-artigues-pres-bordeaux-33\/' title='NOZ ouvre \u00e0 Artigues-pr\u00e8s-Bordeaux (33)'>NOZ ouvre \u00e0 Artigues-pr\u00e8s-Bordeaux (33)<\/a><\/h3><span class=\"av-vertical-delimiter\"><\/span><\/header><div class=\"slide-meta\"><time class='slide-meta-time updated'  itemprop=\"datePublished\" datetime=\"2025-12-04T09:53:53+01:00\" >4 December 2025<\/time><span class='categsection'> Actualit\u00e9s <\/span><\/div><div class='slide-entry-excerpt entry-content'  itemprop=\"text\" >NOZ ouvre ses portes \u00e0 Artigues-pr\u00e8s-Bordeaux !<\/div><\/div><footer class=\"entry-footer\"><\/footer><span class='hidden'>\r\n\t\t\t\t<span class='av-structured-data'  itemprop=\"image\" itemscope=\"itemscope\" itemtype=\"https:\/\/schema.org\/ImageObject\" >\r\n\t\t\t\t\t\t<span itemprop='url'>https:\/\/www.noz.fr\/uploads\/2025\/12\/artigues1.jpg<\/span>\r\n\t\t\t\t\t\t<span itemprop='height'>600<\/span>\r\n\t\t\t\t\t\t<span itemprop='width'>561<\/span>\r\n\t\t\t\t<\/span>\r\n\t\t\t\t<span class='av-structured-data'  itemprop=\"publisher\" itemtype=\"https:\/\/schema.org\/Organization\" itemscope=\"itemscope\" >\r\n\t\t\t\t\t\t<span itemprop='name'>Romain Chevillon<\/span>\r\n\t\t\t\t\t\t<span itemprop='logo' itemscope itemtype='https:\/\/schema.org\/ImageObject'>\r\n\t\t\t\t\t\t\t<span itemprop='url'>https:\/\/www.noz.fr\/uploads\/2023\/06\/logo-noz.svg<\/span>\r\n\t\t\t\t\t\t<\/span>\r\n\t\t\t\t<\/span><span class='av-structured-data'  itemprop=\"author\" itemscope=\"itemscope\" itemtype=\"https:\/\/schema.org\/Person\" ><span itemprop='name'>Romain Chevillon<\/span><\/span><span class='av-structured-data'  itemprop=\"datePublished\" datetime=\"2024-10-15T11:20:20+02:00\" >2025-12-04 09:53:53<\/span><span class='av-structured-data'  itemprop=\"dateModified\" itemtype=\"https:\/\/schema.org\/dateModified\" >2025-12-04 09:53:55<\/span><span class='av-structured-data'  itemprop=\"mainEntityOfPage\" itemtype=\"https:\/\/schema.org\/mainEntityOfPage\" ><span itemprop='name'>NOZ ouvre \u00e0 Artigues-pr\u00e8s-Bordeaux (33)<\/span><\/span><\/span><\/article><\/div><\/div><div class='avia-slideshow-arrows avia-slideshow-controls' ><a href='#prev' class='prev-slide ' aria-hidden='true' data-av_icon='\ue87c' data-av_iconfont='entypo-fontello'  tabindex='-1'>Previous<\/a><a href='#next' class='next-slide ' aria-hidden='true' data-av_icon='\ue87d' data-av_iconfont='entypo-fontello'  tabindex='-1'>Next<\/a><\/div><\/div><\/p><\/div>\n\n[av_section min_height='' min_height_pc='25' min_height_px='500px' shadow='no-border-styling' bottom_border='no-border-styling' bottom_border_diagonal_color='#333333' bottom_border_diagonal_direction='' bottom_border_style='' padding='default' custom_margin='0px' custom_margin_sync='true' av-desktop-custom_margin='' av-desktop-custom_margin_sync='true' av-medium-custom_margin='' av-medium-custom_margin_sync='true' av-small-custom_margin='' av-small-custom_margin_sync='true' av-mini-custom_margin='' av-mini-custom_margin_sync='true' svg_div_top='' svg_div_top_color='#333333' svg_div_top_width='100' svg_div_top_height='50' svg_div_top_max_height='none' svg_div_top_opacity='' svg_div_bottom='' svg_div_bottom_color='#333333' svg_div_bottom_width='100' svg_div_bottom_height='50' svg_div_bottom_max_height='none' svg_div_bottom_opacity='' fold_type='' fold_height='' fold_more='Lire la suite' fold_less='Read less' fold_text_style='' fold_btn_align='' color='main_color' background='bg_color' custom_bg='#dbede3' background_gradient_direction='vertical_rev' background_gradient_color1='#000000' background_gradient_color2='#ffffff' background_gradient_color3='' src='' attachment='' attachment_size='' attach='scroll' position='top left' repeat='no-repeat' video='' video_ratio='16:9' overlay_opacity='0.5' overlay_color='' overlay_pattern='' overlay_custom_pattern='' custom_arrow_bg='' fold_overlay_color='' fold_text_color='' fold_btn_color='theme-color' fold_btn_bg_color='' fold_btn_font_color='' size-btn-text='' av-desktop-font-size-btn-text='' av-medium-font-size-btn-text='' av-small-font-size-btn-text='' av-mini-font-size-btn-text='' fold_timer='' z_index_fold='' css_position_z_index='' av-desktop-css_position_z_index='' av-medium-css_position_z_index='' av-small-css_position_z_index='' av-mini-css_position_z_index='' id='' custom_class='home-part5' template_class='' aria_label='' av_element_hidden_in_editor='0' av_uid='av-1i7aj2' sc_version='1.0']\r\n\r\n[av_one_full first min_height='' vertical_alignment='av-align-top' space='' row_boxshadow='' row_boxshadow_width='10' row_boxshadow_color='' custom_margin='' margin='0px' av-desktop-margin='' av-medium-margin='' av-small-margin='' av-mini-margin='' mobile_breaking='' mobile_column_order='' border='' border_style='solid' border_color='' radius='' min_col_height='' padding='' av-desktop-padding='' av-medium-padding='' av-small-padding='' av-mini-padding='' svg_div_top='' svg_div_top_color='#333333' svg_div_top_width='100' svg_div_top_height='50' svg_div_top_max_height='none' svg_div_top_flip='' svg_div_top_invert='' svg_div_top_front='' svg_div_top_opacity='' svg_div_top_preview='' svg_div_bottom='' svg_div_bottom_color='#333333' svg_div_bottom_width='100' svg_div_bottom_height='50' svg_div_bottom_max_height='none' svg_div_bottom_flip='' svg_div_bottom_invert='' svg_div_bottom_front='' svg_div_bottom_opacity='' svg_div_bottom_preview='' fold_type='' fold_height='' fold_more='Lire la suite' fold_less='Read less' fold_text_style='' fold_btn_align='' column_boxshadow='' column_boxshadow_width='10' column_boxshadow_color='' background='bg_color' background_color='' background_gradient_direction='vertical' background_gradient_color1='#000000' background_gradient_color2='#ffffff' background_gradient_color3='' src='' background_position='top left' background_repeat='no-repeat' highlight='' highlight_size='' fold_overlay_color='' fold_text_color='' fold_btn_color='theme-color' fold_btn_bg_color='' fold_btn_font_color='' size-btn-text='' av-desktop-font-size-btn-text='' av-medium-font-size-btn-text='' av-small-font-size-btn-text='' av-mini-font-size-btn-text='' animation='' animation_duration='' animation_custom_bg_color='' animation_z_index_curtain='100' parallax_parallax='' parallax_parallax_speed='' av-desktop-parallax_parallax='' av-desktop-parallax_parallax_speed='' av-medium-parallax_parallax='' av-medium-parallax_parallax_speed='' av-small-parallax_parallax='' av-small-parallax_parallax_speed='' av-mini-parallax_parallax='' av-mini-parallax_parallax_speed='' fold_timer='' z_index_fold='' css_position='' css_position_location='' css_position_z_index='' av-desktop-css_position='' av-desktop-css_position_location='' av-desktop-css_position_z_index='' av-medium-css_position='' av-medium-css_position_location='' av-medium-css_position_z_index='' av-small-css_position='' av-small-css_position_location='' av-small-css_position_z_index='' av-mini-css_position='' av-mini-css_position_location='' av-mini-css_position_z_index='' link='' linktarget='' link_hover='' title_attr='' alt_attr='' mobile_display='' mobile_col_pos='0' id='' custom_class='' template_class='' aria_label='' av_uid='av-1gxdr2' sc_version='1.0']\r\n\r\n[av_textblock fold_type='' fold_height='' fold_more='Lire la suite' fold_less='Read less' fold_text_style='' fold_btn_align='' textblock_styling_align='' textblock_styling='' textblock_styling_gap='' textblock_styling_mobile='' size='' av-desktop-font-size='' av-medium-font-size='' av-small-font-size='' av-mini-font-size='' font_color='' color='' fold_overlay_color='' fold_text_color='' fold_btn_color='theme-color' fold_btn_bg_color='' fold_btn_font_color='' size-btn-text='' av-desktop-font-size-btn-text='' av-medium-font-size-btn-text='' av-small-font-size-btn-text='' av-mini-font-size-btn-text='' fold_timer='' z_index_fold='' id='' custom_class='title-h-noz' template_class='' av_uid='av-1a07ue' sc_version='1.0' admin_preview_bg='']\r\n<h2 style=\"text-align: right;\">Trouvez votre job id\u00e9al<\/h2>\r\n[\/av_textblock]\r\n\r\n[\/av_one_full][av_one_third first min_height='' vertical_alignment='av-align-top' space='4' row_boxshadow_width='10' row_boxshadow_color='' margin='0px' margin_sync='true' av-desktop-margin='' av-desktop-margin_sync='true' av-medium-margin='' av-medium-margin_sync='true' av-small-margin='' av-small-margin_sync='true' av-mini-margin='' av-mini-margin_sync='true' mobile_breaking='' mobile_column_order='' border='' border_style='solid' border_color='' radius='' radius_sync='true' min_col_height='' padding='' padding_sync='true' av-desktop-padding='' av-desktop-padding_sync='true' av-medium-padding='' av-medium-padding_sync='true' av-small-padding='' av-small-padding_sync='true' av-mini-padding='' av-mini-padding_sync='true' svg_div_top='' svg_div_top_color='#333333' svg_div_top_width='100' svg_div_top_height='50' svg_div_top_max_height='none' svg_div_top_opacity='' svg_div_bottom='' svg_div_bottom_color='#333333' svg_div_bottom_width='100' svg_div_bottom_height='50' svg_div_bottom_max_height='none' svg_div_bottom_opacity='' fold_type='' fold_height='' fold_more='Lire la suite' fold_less='Read less' fold_text_style='' fold_btn_align='' column_boxshadow_width='10' column_boxshadow_color='' background='bg_color' background_color='' background_gradient_direction='vertical_rev' background_gradient_color1='#000000' background_gradient_color2='#ffffff' background_gradient_color3='' src='http:\/\/www.noz.fr\/uploads\/2024\/02\/noz-home-vignettes2-nosmetiers.jpg' attachment='5107' attachment_size='full' background_position='center center' background_repeat='stretch' highlight_size='1.1' fold_overlay_color='' fold_text_color='' fold_btn_color='theme-color' fold_btn_bg_color='' fold_btn_font_color='' size-btn-text='' av-desktop-font-size-btn-text='' av-medium-font-size-btn-text='' av-small-font-size-btn-text='' av-mini-font-size-btn-text='' animation='fade-in' animation_duration='' animation_custom_bg_color='' animation_z_index_curtain='100' parallax_parallax='' parallax_parallax_speed='' av-desktop-parallax_parallax='' av-desktop-parallax_parallax_speed='' av-medium-parallax_parallax='' av-medium-parallax_parallax_speed='' av-small-parallax_parallax='' av-small-parallax_parallax_speed='' av-mini-parallax_parallax='' av-mini-parallax_parallax_speed='' fold_timer='' z_index_fold='' css_position='' css_position_location=',,,' css_position_z_index='' av-desktop-css_position='' av-desktop-css_position_location=',,,' av-desktop-css_position_z_index='' av-medium-css_position='' av-medium-css_position_location=',,,' av-medium-css_position_z_index='' av-small-css_position='' av-small-css_position_location=',,,' av-small-css_position_z_index='' av-mini-css_position='' av-mini-css_position_location=',,,' av-mini-css_position_z_index='' link='' linktarget='' link_hover='' title_attr='' alt_attr='' mobile_display='' mobile_col_pos='0' id='' custom_class='' template_class='' aria_label='' av_uid='av-11ilj2' sc_version='1.0']\r\n\r\n[av_textblock fold_type='' fold_height='' fold_more='Lire la suite' fold_less='Read less' fold_text_style='' fold_btn_align='' textblock_styling_align='' textblock_styling='' textblock_styling_gap='' textblock_styling_mobile='' size='' av-desktop-font-size='' av-medium-font-size='' av-small-font-size='' av-mini-font-size='' font_color='' color='' fold_overlay_color='' fold_text_color='' fold_btn_color='theme-color' fold_btn_bg_color='' fold_btn_font_color='' size-btn-text='' av-desktop-font-size-btn-text='' av-medium-font-size-btn-text='' av-small-font-size-btn-text='' av-mini-font-size-btn-text='' fold_timer='' z_index_fold='' id='' custom_class='' template_class='' av_uid='av-vm3u6' sc_version='1.0' admin_preview_bg='']\r\n<div class=\"title\">Nos m\u00e9tiers<\/div>\r\n<div class=\"descrip\">\r\n\r\nL\u2019Univers NOZ, c\u2019est plus de 4 500 collaborateurs en France et dans le monde entier. Nous recrutons des talents tr\u00e8s divers. Au total, plus de 60 m\u00e9tiers composent l\u2019Univers NOZ.\r\n\r\n<a href=\"https:\/\/www.noz.fr\/les-metiers\/\">En savoir plus<\/a>\r\n\r\n<\/div>\r\n[\/av_textblock]\r\n\r\n[\/av_one_third][av_one_third min_height='' vertical_alignment='av-align-top' space='4' row_boxshadow_width='10' row_boxshadow_color='' margin='0px' margin_sync='true' av-desktop-margin='' av-desktop-margin_sync='true' av-medium-margin='' av-medium-margin_sync='true' av-small-margin='' av-small-margin_sync='true' av-mini-margin='' av-mini-margin_sync='true' mobile_breaking='' mobile_column_order='' border='' border_style='solid' border_color='' radius='' radius_sync='true' min_col_height='' padding='' padding_sync='true' av-desktop-padding='' av-desktop-padding_sync='true' av-medium-padding='' av-medium-padding_sync='true' av-small-padding='' av-small-padding_sync='true' av-mini-padding='' av-mini-padding_sync='true' svg_div_top='' svg_div_top_color='#333333' svg_div_top_width='100' svg_div_top_height='50' svg_div_top_max_height='none' svg_div_top_opacity='' svg_div_bottom='' svg_div_bottom_color='#333333' svg_div_bottom_width='100' svg_div_bottom_height='50' svg_div_bottom_max_height='none' svg_div_bottom_opacity='' fold_type='' fold_height='' fold_more='Lire la suite' fold_less='Read less' fold_text_style='' fold_btn_align='' column_boxshadow_width='10' column_boxshadow_color='' background='bg_color' background_color='' background_gradient_direction='vertical_rev' background_gradient_color1='#000000' background_gradient_color2='#ffffff' background_gradient_color3='' src='http:\/\/www.noz.fr\/uploads\/2024\/02\/noz-home-vignettes-nosoffres.jpg' attachment='5106' attachment_size='full' background_position='center center' background_repeat='stretch' highlight_size='1.1' fold_overlay_color='' fold_text_color='' fold_btn_color='theme-color' fold_btn_bg_color='' fold_btn_font_color='' size-btn-text='' av-desktop-font-size-btn-text='' av-medium-font-size-btn-text='' av-small-font-size-btn-text='' av-mini-font-size-btn-text='' animation='fade-in' animation_duration='' animation_custom_bg_color='' animation_z_index_curtain='100' parallax_parallax='' parallax_parallax_speed='' av-desktop-parallax_parallax='' av-desktop-parallax_parallax_speed='' av-medium-parallax_parallax='' av-medium-parallax_parallax_speed='' av-small-parallax_parallax='' av-small-parallax_parallax_speed='' av-mini-parallax_parallax='' av-mini-parallax_parallax_speed='' fold_timer='' z_index_fold='' css_position='' css_position_location=',,,' css_position_z_index='' av-desktop-css_position='' av-desktop-css_position_location=',,,' av-desktop-css_position_z_index='' av-medium-css_position='' av-medium-css_position_location=',,,' av-medium-css_position_z_index='' av-small-css_position='' av-small-css_position_location=',,,' av-small-css_position_z_index='' av-mini-css_position='' av-mini-css_position_location=',,,' av-mini-css_position_z_index='' link='' linktarget='' link_hover='' title_attr='' alt_attr='' mobile_display='' mobile_col_pos='0' id='' custom_class='' template_class='' aria_label='' av_uid='av-2q05y' sc_version='1.0']\r\n\r\n[av_textblock fold_type='' fold_height='' fold_more='Lire la suite' fold_less='Read less' fold_text_style='' fold_btn_align='' textblock_styling_align='' textblock_styling='' textblock_styling_gap='' textblock_styling_mobile='' size='' av-desktop-font-size='' av-medium-font-size='' av-small-font-size='' av-mini-font-size='' font_color='' color='' fold_overlay_color='' fold_text_color='' fold_btn_color='theme-color' fold_btn_bg_color='' fold_btn_font_color='' size-btn-text='' av-desktop-font-size-btn-text='' av-medium-font-size-btn-text='' av-small-font-size-btn-text='' av-mini-font-size-btn-text='' fold_timer='' z_index_fold='' id='' custom_class='' template_class='' av_uid='av-8dba' sc_version='1.0' admin_preview_bg='']\r\n<div class=\"title\">Nos offres d'emploi<\/div>\r\n<div class=\"descrip\">\r\n\r\nD\u00e9couvrez les nombreuses offres d'emploi \u00e0 pourvoir au sein de l'Univers NOZ !\r\n\r\n<a href=\"https:\/\/www.noz.fr\/recherchez-une-offre\/\">En savoir plus<\/a>\r\n\r\n<\/div>\r\n[\/av_textblock]\r\n\r\n[\/av_one_third][av_one_third min_height='' vertical_alignment='av-align-top' space='4' row_boxshadow_width='10' row_boxshadow_color='' margin='0px' margin_sync='true' av-desktop-margin='' av-desktop-margin_sync='true' av-medium-margin='' av-medium-margin_sync='true' av-small-margin='' av-small-margin_sync='true' av-mini-margin='' av-mini-margin_sync='true' mobile_breaking='' mobile_column_order='' border='' border_style='solid' border_color='' radius='' radius_sync='true' min_col_height='' padding='' padding_sync='true' av-desktop-padding='' av-desktop-padding_sync='true' av-medium-padding='' av-medium-padding_sync='true' av-small-padding='' av-small-padding_sync='true' av-mini-padding='' av-mini-padding_sync='true' svg_div_top='' svg_div_top_color='#333333' svg_div_top_width='100' svg_div_top_height='50' svg_div_top_max_height='none' svg_div_top_opacity='' svg_div_bottom='' svg_div_bottom_color='#333333' svg_div_bottom_width='100' svg_div_bottom_height='50' svg_div_bottom_max_height='none' svg_div_bottom_opacity='' fold_type='' fold_height='' fold_more='Lire la suite' fold_less='Read less' fold_text_style='' fold_btn_align='' column_boxshadow_width='10' column_boxshadow_color='' background='bg_color' background_color='' background_gradient_direction='vertical_rev' background_gradient_color1='#000000' background_gradient_color2='#ffffff' background_gradient_color3='' src='http:\/\/www.noz.fr\/uploads\/2024\/02\/noz-home-vignettes-candidaturespont.jpg' attachment='5105' attachment_size='full' background_position='center center' background_repeat='stretch' highlight_size='1.1' fold_overlay_color='' fold_text_color='' fold_btn_color='theme-color' fold_btn_bg_color='' fold_btn_font_color='' size-btn-text='' av-desktop-font-size-btn-text='' av-medium-font-size-btn-text='' av-small-font-size-btn-text='' av-mini-font-size-btn-text='' animation='fade-in' animation_duration='' animation_custom_bg_color='' animation_z_index_curtain='100' parallax_parallax='' parallax_parallax_speed='' av-desktop-parallax_parallax='' av-desktop-parallax_parallax_speed='' av-medium-parallax_parallax='' av-medium-parallax_parallax_speed='' av-small-parallax_parallax='' av-small-parallax_parallax_speed='' av-mini-parallax_parallax='' av-mini-parallax_parallax_speed='' fold_timer='' z_index_fold='' css_position='' css_position_location=',,,' css_position_z_index='' av-desktop-css_position='' av-desktop-css_position_location=',,,' av-desktop-css_position_z_index='' av-medium-css_position='' av-medium-css_position_location=',,,' av-medium-css_position_z_index='' av-small-css_position='' av-small-css_position_location=',,,' av-small-css_position_z_index='' av-mini-css_position='' av-mini-css_position_location=',,,' av-mini-css_position_z_index='' link='' linktarget='' link_hover='' title_attr='' alt_attr='' mobile_display='' mobile_col_pos='0' id='' custom_class='' template_class='' aria_label='' av_uid='av-h51cm' sc_version='1.0']\r\n\r\n[av_textblock fold_type='' fold_height='' fold_more='Lire la suite' fold_less='Read less' fold_text_style='' fold_btn_align='' textblock_styling_align='' textblock_styling='' textblock_styling_gap='' textblock_styling_mobile='' size='' av-desktop-font-size='' av-medium-font-size='' av-small-font-size='' av-mini-font-size='' font_color='' color='' fold_overlay_color='' fold_text_color='' fold_btn_color='theme-color' fold_btn_bg_color='' fold_btn_font_color='' size-btn-text='' av-desktop-font-size-btn-text='' av-medium-font-size-btn-text='' av-small-font-size-btn-text='' av-mini-font-size-btn-text='' fold_timer='' z_index_fold='' id='' custom_class='' template_class='' av_uid='av-afzvq' sc_version='1.0' admin_preview_bg='']\r\n<div class=\"title\">Candidature\r\nspontan\u00e9e<\/div>\r\n<div class=\"descrip\">\r\n\r\nMerci de nous adresser votre candidature !\r\n\r\n<a href=\"\/candidature-spontanee\/\">En savoir plus<\/a>\r\n\r\n<\/div>\r\n[\/av_textblock]\r\n\r\n[\/av_one_third][\/av_section]\n","protected":false},"excerpt":{"rendered":"<p>Cette ann\u00e9e, f\u00eatons ensemble un No\u00ebl magique \u00e0 prix NOZ<\/p>","protected":false},"author":5,"featured_media":50242,"comment_status":"closed","ping_status":"closed","sticky":false,"template":"","format":"standard","meta":{"_acf_changed":false,"inline_featured_image":false,"footnotes":"","_links_to":"","_links_to_target":""},"categories":[4],"tags":[],"location-tag":[],"class_list":["post-50231","post","type-post","status-publish","format-standard","has-post-thumbnail","hentry","category-actualites"],"acf":[],"yoast_head":"<!-- This site is optimized with the Yoast SEO plugin v27.5 - https:\/\/yoast.com\/product\/yoast-seo-wordpress\/ -->\n<title>No\u00ebl magique \u00e0 prix NOZ<\/title>\n<meta name=\"description\" content=\"No\u00ebl magique \u00e0 prix NOZ : jouets et id\u00e9es cadeaux, d\u00e9corations, sapins ! Plongez d\u00e8s maintenant dans l&#039;univers festif de No\u00ebl !\" \/>\n<meta name=\"robots\" content=\"index, follow, max-snippet:-1, max-image-preview:large, max-video-preview:-1\" \/>\n<link rel=\"canonical\" href=\"https:\/\/www.noz.fr\/en\/noel-magique-a-prix-noz\/\" \/>\n<meta property=\"og:locale\" content=\"en_GB\" \/>\n<meta property=\"og:type\" content=\"article\" \/>\n<meta property=\"og:title\" content=\"No\u00ebl magique \u00e0 prix NOZ\" \/>\n<meta property=\"og:description\" content=\"No\u00ebl magique \u00e0 prix NOZ : jouets et id\u00e9es cadeaux, d\u00e9corations, sapins ! Plongez d\u00e8s maintenant dans l&#039;univers festif de No\u00ebl !\" \/>\n<meta property=\"og:url\" content=\"https:\/\/www.noz.fr\/en\/noel-magique-a-prix-noz\/\" \/>\n<meta property=\"og:site_name\" content=\"Noz\" \/>\n<meta property=\"article:published_time\" content=\"2024-10-15T09:20:20+00:00\" \/>\n<meta property=\"article:modified_time\" content=\"2024-10-17T14:39:12+00:00\" \/>\n<meta property=\"og:image\" content=\"https:\/\/www.noz.fr\/uploads\/2024\/10\/Arrivage-Jouet-Noel-RS-2024-v2-1.jpg\" \/>\n\t<meta property=\"og:image:width\" content=\"1000\" \/>\n\t<meta property=\"og:image:height\" content=\"1000\" \/>\n\t<meta property=\"og:image:type\" content=\"image\/jpeg\" \/>\n<meta name=\"author\" content=\"Lucile Languille\" \/>\n<meta name=\"twitter:card\" content=\"summary_large_image\" \/>\n<meta name=\"twitter:label1\" content=\"Written by\" \/>\n\t<meta name=\"twitter:data1\" content=\"Lucile Languille\" \/>\n\t<meta name=\"twitter:label2\" content=\"Estimated reading time\" \/>\n\t<meta name=\"twitter:data2\" content=\"14 minutes\" \/>\n<script type=\"application\/ld+json\" class=\"yoast-schema-graph\">{\"@context\":\"https:\\\/\\\/schema.org\",\"@graph\":[{\"@type\":\"Article\",\"@id\":\"https:\\\/\\\/www.noz.fr\\\/en\\\/noel-magique-a-prix-noz\\\/#article\",\"isPartOf\":{\"@id\":\"https:\\\/\\\/www.noz.fr\\\/en\\\/noel-magique-a-prix-noz\\\/\"},\"author\":{\"name\":\"Lucile Languille\",\"@id\":\"https:\\\/\\\/www.noz.fr\\\/#\\\/schema\\\/person\\\/7604723539ac052faf15bd91d78c4544\"},\"headline\":\"No\u00ebl magique \u00e0 prix NOZ\",\"datePublished\":\"2024-10-15T09:20:20+00:00\",\"dateModified\":\"2024-10-17T14:39:12+00:00\",\"mainEntityOfPage\":{\"@id\":\"https:\\\/\\\/www.noz.fr\\\/en\\\/noel-magique-a-prix-noz\\\/\"},\"wordCount\":4675,\"image\":{\"@id\":\"https:\\\/\\\/www.noz.fr\\\/en\\\/noel-magique-a-prix-noz\\\/#primaryimage\"},\"thumbnailUrl\":\"https:\\\/\\\/www.noz.fr\\\/uploads\\\/2024\\\/10\\\/Arrivage-Jouet-Noel-RS-2024-v2-1.jpg\",\"articleSection\":[\"Actualit\u00e9s\"],\"inLanguage\":\"en-GB\"},{\"@type\":\"WebPage\",\"@id\":\"https:\\\/\\\/www.noz.fr\\\/en\\\/noel-magique-a-prix-noz\\\/\",\"url\":\"https:\\\/\\\/www.noz.fr\\\/en\\\/noel-magique-a-prix-noz\\\/\",\"name\":\"No\u00ebl magique \u00e0 prix NOZ\",\"isPartOf\":{\"@id\":\"https:\\\/\\\/www.noz.fr\\\/#website\"},\"primaryImageOfPage\":{\"@id\":\"https:\\\/\\\/www.noz.fr\\\/en\\\/noel-magique-a-prix-noz\\\/#primaryimage\"},\"image\":{\"@id\":\"https:\\\/\\\/www.noz.fr\\\/en\\\/noel-magique-a-prix-noz\\\/#primaryimage\"},\"thumbnailUrl\":\"https:\\\/\\\/www.noz.fr\\\/uploads\\\/2024\\\/10\\\/Arrivage-Jouet-Noel-RS-2024-v2-1.jpg\",\"datePublished\":\"2024-10-15T09:20:20+00:00\",\"dateModified\":\"2024-10-17T14:39:12+00:00\",\"author\":{\"@id\":\"https:\\\/\\\/www.noz.fr\\\/#\\\/schema\\\/person\\\/7604723539ac052faf15bd91d78c4544\"},\"description\":\"No\u00ebl magique \u00e0 prix NOZ : jouets et id\u00e9es cadeaux, d\u00e9corations, sapins ! Plongez d\u00e8s maintenant dans l'univers festif de No\u00ebl !\",\"breadcrumb\":{\"@id\":\"https:\\\/\\\/www.noz.fr\\\/en\\\/noel-magique-a-prix-noz\\\/#breadcrumb\"},\"inLanguage\":\"en-GB\",\"potentialAction\":[{\"@type\":\"ReadAction\",\"target\":[\"https:\\\/\\\/www.noz.fr\\\/en\\\/noel-magique-a-prix-noz\\\/\"]}]},{\"@type\":\"ImageObject\",\"inLanguage\":\"en-GB\",\"@id\":\"https:\\\/\\\/www.noz.fr\\\/en\\\/noel-magique-a-prix-noz\\\/#primaryimage\",\"url\":\"https:\\\/\\\/www.noz.fr\\\/uploads\\\/2024\\\/10\\\/Arrivage-Jouet-Noel-RS-2024-v2-1.jpg\",\"contentUrl\":\"https:\\\/\\\/www.noz.fr\\\/uploads\\\/2024\\\/10\\\/Arrivage-Jouet-Noel-RS-2024-v2-1.jpg\",\"width\":1000,\"height\":1000},{\"@type\":\"BreadcrumbList\",\"@id\":\"https:\\\/\\\/www.noz.fr\\\/en\\\/noel-magique-a-prix-noz\\\/#breadcrumb\",\"itemListElement\":[{\"@type\":\"ListItem\",\"position\":1,\"name\":\"Accueil\",\"item\":\"https:\\\/\\\/www.noz.fr\\\/\"},{\"@type\":\"ListItem\",\"position\":2,\"name\":\"No\u00ebl magique \u00e0 prix NOZ\"}]},{\"@type\":\"WebSite\",\"@id\":\"https:\\\/\\\/www.noz.fr\\\/#website\",\"url\":\"https:\\\/\\\/www.noz.fr\\\/\",\"name\":\"Noz\",\"description\":\"\",\"potentialAction\":[{\"@type\":\"SearchAction\",\"target\":{\"@type\":\"EntryPoint\",\"urlTemplate\":\"https:\\\/\\\/www.noz.fr\\\/?s={search_term_string}\"},\"query-input\":{\"@type\":\"PropertyValueSpecification\",\"valueRequired\":true,\"valueName\":\"search_term_string\"}}],\"inLanguage\":\"en-GB\"},{\"@type\":\"Person\",\"@id\":\"https:\\\/\\\/www.noz.fr\\\/#\\\/schema\\\/person\\\/7604723539ac052faf15bd91d78c4544\",\"name\":\"Lucile Languille\",\"image\":{\"@type\":\"ImageObject\",\"inLanguage\":\"en-GB\",\"@id\":\"https:\\\/\\\/secure.gravatar.com\\\/avatar\\\/d04ed501f264cd28249d27e993d4aed89f0f6ae5dcbfd91533d593df77de0d0c?s=96&d=mm&r=g\",\"url\":\"https:\\\/\\\/secure.gravatar.com\\\/avatar\\\/d04ed501f264cd28249d27e993d4aed89f0f6ae5dcbfd91533d593df77de0d0c?s=96&d=mm&r=g\",\"contentUrl\":\"https:\\\/\\\/secure.gravatar.com\\\/avatar\\\/d04ed501f264cd28249d27e993d4aed89f0f6ae5dcbfd91533d593df77de0d0c?s=96&d=mm&r=g\",\"caption\":\"Lucile Languille\"}}]}<\/script>\n<!-- \/ Yoast SEO plugin. -->","yoast_head_json":{"title":"No\u00ebl magique \u00e0 prix NOZ","description":"No\u00ebl magique \u00e0 prix NOZ : jouets et id\u00e9es cadeaux, d\u00e9corations, sapins ! Plongez d\u00e8s maintenant dans l'univers festif de No\u00ebl !","robots":{"index":"index","follow":"follow","max-snippet":"max-snippet:-1","max-image-preview":"max-image-preview:large","max-video-preview":"max-video-preview:-1"},"canonical":"https:\/\/www.noz.fr\/en\/noel-magique-a-prix-noz\/","og_locale":"en_GB","og_type":"article","og_title":"No\u00ebl magique \u00e0 prix NOZ","og_description":"No\u00ebl magique \u00e0 prix NOZ : jouets et id\u00e9es cadeaux, d\u00e9corations, sapins ! Plongez d\u00e8s maintenant dans l'univers festif de No\u00ebl !","og_url":"https:\/\/www.noz.fr\/en\/noel-magique-a-prix-noz\/","og_site_name":"Noz","article_published_time":"2024-10-15T09:20:20+00:00","article_modified_time":"2024-10-17T14:39:12+00:00","og_image":[{"width":1000,"height":1000,"url":"https:\/\/www.noz.fr\/uploads\/2024\/10\/Arrivage-Jouet-Noel-RS-2024-v2-1.jpg","type":"image\/jpeg"}],"author":"Lucile Languille","twitter_card":"summary_large_image","twitter_misc":{"Written by":"Lucile Languille","Estimated reading time":"14 minutes"},"schema":{"@context":"https:\/\/schema.org","@graph":[{"@type":"Article","@id":"https:\/\/www.noz.fr\/en\/noel-magique-a-prix-noz\/#article","isPartOf":{"@id":"https:\/\/www.noz.fr\/en\/noel-magique-a-prix-noz\/"},"author":{"name":"Lucile Languille","@id":"https:\/\/www.noz.fr\/#\/schema\/person\/7604723539ac052faf15bd91d78c4544"},"headline":"No\u00ebl magique \u00e0 prix NOZ","datePublished":"2024-10-15T09:20:20+00:00","dateModified":"2024-10-17T14:39:12+00:00","mainEntityOfPage":{"@id":"https:\/\/www.noz.fr\/en\/noel-magique-a-prix-noz\/"},"wordCount":4675,"image":{"@id":"https:\/\/www.noz.fr\/en\/noel-magique-a-prix-noz\/#primaryimage"},"thumbnailUrl":"https:\/\/www.noz.fr\/uploads\/2024\/10\/Arrivage-Jouet-Noel-RS-2024-v2-1.jpg","articleSection":["Actualit\u00e9s"],"inLanguage":"en-GB"},{"@type":"WebPage","@id":"https:\/\/www.noz.fr\/en\/noel-magique-a-prix-noz\/","url":"https:\/\/www.noz.fr\/en\/noel-magique-a-prix-noz\/","name":"No\u00ebl magique \u00e0 prix NOZ","isPartOf":{"@id":"https:\/\/www.noz.fr\/#website"},"primaryImageOfPage":{"@id":"https:\/\/www.noz.fr\/en\/noel-magique-a-prix-noz\/#primaryimage"},"image":{"@id":"https:\/\/www.noz.fr\/en\/noel-magique-a-prix-noz\/#primaryimage"},"thumbnailUrl":"https:\/\/www.noz.fr\/uploads\/2024\/10\/Arrivage-Jouet-Noel-RS-2024-v2-1.jpg","datePublished":"2024-10-15T09:20:20+00:00","dateModified":"2024-10-17T14:39:12+00:00","author":{"@id":"https:\/\/www.noz.fr\/#\/schema\/person\/7604723539ac052faf15bd91d78c4544"},"description":"No\u00ebl magique \u00e0 prix NOZ : jouets et id\u00e9es cadeaux, d\u00e9corations, sapins ! Plongez d\u00e8s maintenant dans l'univers festif de No\u00ebl !","breadcrumb":{"@id":"https:\/\/www.noz.fr\/en\/noel-magique-a-prix-noz\/#breadcrumb"},"inLanguage":"en-GB","potentialAction":[{"@type":"ReadAction","target":["https:\/\/www.noz.fr\/en\/noel-magique-a-prix-noz\/"]}]},{"@type":"ImageObject","inLanguage":"en-GB","@id":"https:\/\/www.noz.fr\/en\/noel-magique-a-prix-noz\/#primaryimage","url":"https:\/\/www.noz.fr\/uploads\/2024\/10\/Arrivage-Jouet-Noel-RS-2024-v2-1.jpg","contentUrl":"https:\/\/www.noz.fr\/uploads\/2024\/10\/Arrivage-Jouet-Noel-RS-2024-v2-1.jpg","width":1000,"height":1000},{"@type":"BreadcrumbList","@id":"https:\/\/www.noz.fr\/en\/noel-magique-a-prix-noz\/#breadcrumb","itemListElement":[{"@type":"ListItem","position":1,"name":"Accueil","item":"https:\/\/www.noz.fr\/"},{"@type":"ListItem","position":2,"name":"No\u00ebl magique \u00e0 prix NOZ"}]},{"@type":"WebSite","@id":"https:\/\/www.noz.fr\/#website","url":"https:\/\/www.noz.fr\/","name":"Noz","description":"","potentialAction":[{"@type":"SearchAction","target":{"@type":"EntryPoint","urlTemplate":"https:\/\/www.noz.fr\/?s={search_term_string}"},"query-input":{"@type":"PropertyValueSpecification","valueRequired":true,"valueName":"search_term_string"}}],"inLanguage":"en-GB"},{"@type":"Person","@id":"https:\/\/www.noz.fr\/#\/schema\/person\/7604723539ac052faf15bd91d78c4544","name":"Lucile Languille","image":{"@type":"ImageObject","inLanguage":"en-GB","@id":"https:\/\/secure.gravatar.com\/avatar\/d04ed501f264cd28249d27e993d4aed89f0f6ae5dcbfd91533d593df77de0d0c?s=96&d=mm&r=g","url":"https:\/\/secure.gravatar.com\/avatar\/d04ed501f264cd28249d27e993d4aed89f0f6ae5dcbfd91533d593df77de0d0c?s=96&d=mm&r=g","contentUrl":"https:\/\/secure.gravatar.com\/avatar\/d04ed501f264cd28249d27e993d4aed89f0f6ae5dcbfd91533d593df77de0d0c?s=96&d=mm&r=g","caption":"Lucile Languille"}}]}},"_links":{"self":[{"href":"https:\/\/www.noz.fr\/en\/wp-json\/wp\/v2\/posts\/50231","targetHints":{"allow":["GET"]}}],"collection":[{"href":"https:\/\/www.noz.fr\/en\/wp-json\/wp\/v2\/posts"}],"about":[{"href":"https:\/\/www.noz.fr\/en\/wp-json\/wp\/v2\/types\/post"}],"author":[{"embeddable":true,"href":"https:\/\/www.noz.fr\/en\/wp-json\/wp\/v2\/users\/5"}],"replies":[{"embeddable":true,"href":"https:\/\/www.noz.fr\/en\/wp-json\/wp\/v2\/comments?post=50231"}],"version-history":[{"count":2,"href":"https:\/\/www.noz.fr\/en\/wp-json\/wp\/v2\/posts\/50231\/revisions"}],"predecessor-version":[{"id":50650,"href":"https:\/\/www.noz.fr\/en\/wp-json\/wp\/v2\/posts\/50231\/revisions\/50650"}],"wp:featuredmedia":[{"embeddable":true,"href":"https:\/\/www.noz.fr\/en\/wp-json\/wp\/v2\/media\/50242"}],"wp:attachment":[{"href":"https:\/\/www.noz.fr\/en\/wp-json\/wp\/v2\/media?parent=50231"}],"wp:term":[{"taxonomy":"category","embeddable":true,"href":"https:\/\/www.noz.fr\/en\/wp-json\/wp\/v2\/categories?post=50231"},{"taxonomy":"post_tag","embeddable":true,"href":"https:\/\/www.noz.fr\/en\/wp-json\/wp\/v2\/tags?post=50231"},{"taxonomy":"location-tag","embeddable":true,"href":"https:\/\/www.noz.fr\/en\/wp-json\/wp\/v2\/location-tag?post=50231"}],"curies":[{"name":"wp","href":"https:\/\/api.w.org\/{rel}","templated":true}]}}