{"id":122094,"date":"2026-02-19T16:41:07","date_gmt":"2026-02-19T15:41:07","guid":{"rendered":"https:\/\/www.noz.fr\/?p=122094"},"modified":"2026-02-19T17:06:12","modified_gmt":"2026-02-19T16:06:12","slug":"vinyles-pop-culture-noz","status":"publish","type":"post","link":"https:\/\/www.noz.fr\/es\/vinyles-pop-culture-noz\/","title":{"rendered":"Arrivage de vinyles Pop Culture"},"content":{"rendered":"\n<style type=\"text\/css\" data-created_by=\"avia_inline_auto\" id=\"style-css-av-3jb9te-d3a8181f88c592fb51b87be6ef9588cb\">\n.avia-section.av-3jb9te-d3a8181f88c592fb51b87be6ef9588cb{\nmargin-top:0px;\nmargin-bottom:-20px;\n}\n<\/style>\n<div id='av_section_1'  class='avia-section av-3jb9te-d3a8181f88c592fb51b87be6ef9588cb main_color avia-section-small avia-no-border-styling  avia-builder-el-0  el_before_av_section  avia-builder-el-first  article-img-txt avia-bg-style-scroll container_wrap fullsize'  ><div class='container av-section-cont-open' ><main  role=\"main\" itemprop=\"mainContentOfPage\"  class='template-page content  av-content-full alpha units'><div class='post-entry post-entry-type-page post-entry-122094'><div class='entry-content-wrapper clearfix'>\n\n<style type=\"text\/css\" data-created_by=\"avia_inline_auto\" id=\"style-css-av-3dnp42-3bc16df9ddfb2185b8834b509f5330e7\">\n.flex_column.av-3dnp42-3bc16df9ddfb2185b8834b509f5330e7{\nwidth:48.5%;\nbackground:url(https:\/\/www.noz.fr\/uploads\/2026\/02\/post-fb-1.png) 50% 0% no-repeat scroll ;\n}\n<\/style>\n<div  class='flex_column av-3dnp42-3bc16df9ddfb2185b8834b509f5330e7 av_one_half  avia-builder-el-1  el_before_av_one_half  avia-builder-el-first  article-minheight-img first flex_column_div avia-full-contain  '     ><\/div>\n<style type=\"text\/css\" data-created_by=\"avia_inline_auto\" id=\"style-css-av-38qofe-2c60c892891e4d7272710db32ce8c6e3\">\n.flex_column.av-38qofe-2c60c892891e4d7272710db32ce8c6e3{\nwidth:48.5%;\nmargin-left:3%;\n}\n<\/style>\n<div  class='flex_column av-38qofe-2c60c892891e4d7272710db32ce8c6e3 av_one_half  avia-builder-el-2  el_after_av_one_half  avia-builder-el-last  flex_column_div  '     ><section  class='av_textblock_section av-32zs4i-1355f00bd2c8ab8e38087c4699d43ce0 '   itemscope=\"itemscope\" itemtype=\"https:\/\/schema.org\/BlogPosting\" itemprop=\"blogPost\" ><div class='avia_textblock title-hn-content'  itemprop=\"text\" ><h2>Vinyles Pop Culture chez NOZ<\/h2>\n<\/div><\/section><br \/>\n<section  class='av_textblock_section av-2y0xuq-ec4d8ff0638039531cb93037c4b877b6 '   itemscope=\"itemscope\" itemtype=\"https:\/\/schema.org\/BlogPosting\" itemprop=\"blogPost\" ><div class='avia_textblock'  itemprop=\"text\" ><div class=\"x11i5rnm xat24cr x1mh8g0r x1vvkbs xtlvy1s x126k92a\"><\/div>\n<div class=\"x11i5rnm xat24cr x1mh8g0r x1vvkbs xtlvy1s x126k92a\">\n<div dir=\"auto\">\n<div dir=\"auto\">\n<p data-start=\"159\" data-end=\"355\">Un nouvel arrivage de vinyles Pop Culture d\u00e9barque chez NOZ avec une s\u00e9lection d\u00e9di\u00e9e aux bandes originales de films et de jeux vid\u00e9o c\u00e9l\u00e8bres. Des titres cultes \u00e0 d\u00e9couvrir directement en magasin.<\/p>\n<\/div>\n<h3 data-start=\"358\" data-end=\"390\">Disponibilit\u00e9s en magasin<\/h3>\n<ul data-start=\"392\" data-end=\"647\">\n<li data-start=\"392\" data-end=\"462\">\n<p data-start=\"394\" data-end=\"462\"><strong data-start=\"394\" data-end=\"415\">D\u00e8s cette semaine<\/strong> : disponible dans <strong data-start=\"434\" data-end=\"462\">plus de 170 magasins NOZ<\/strong><\/p>\n<\/li>\n<li data-start=\"463\" data-end=\"554\">\n<p data-start=\"465\" data-end=\"554\"><strong data-start=\"465\" data-end=\"487\">\u00c0 partir du 2 mars<\/strong> : nouvel arrivage dans <strong data-start=\"511\" data-end=\"554\">34 magasins NOZ \u00e9quip\u00e9s de NOZ Boutique<\/strong><\/p>\n<\/li>\n<li data-start=\"555\" data-end=\"647\">\n<p data-start=\"557\" data-end=\"647\"><strong data-start=\"557\" data-end=\"580\">\u00c0 partir du 16 mars<\/strong> : nouvel arrivage dans 28<strong data-start=\"604\" data-end=\"647\">\u00a0magasins NOZ \u00e9quip\u00e9s de NOZ Boutique<\/strong><\/p>\n<\/li>\n<\/ul>\n<p data-start=\"649\" data-end=\"752\">\ud83d\udc49 <em data-start=\"652\" data-end=\"689\">Liste des magasins concern\u00e9s ci-dessous.<\/em><\/p>\n<\/div>\n<h3 data-start=\"759\" data-end=\"785\">\u00a0Des prix collectors<\/h3>\n<ul data-start=\"787\" data-end=\"897\">\n<li data-start=\"787\" data-end=\"836\">\n<p data-start=\"789\" data-end=\"836\">Le vinyle collector \u00e0 partir de 9,99\u20ac<\/p>\n<\/li>\n<li data-start=\"837\" data-end=\"873\">\n<p data-start=\"839\" data-end=\"873\">Pack de 2 vinyles \u00e0 18,99\u20ac<\/p>\n<\/li>\n<li data-start=\"874\" data-end=\"897\">\n<p data-start=\"876\" data-end=\"897\">Stocks limit\u00e9s<\/p>\n<\/li>\n<\/ul>\n<p data-start=\"899\" data-end=\"1062\">Que vous soyez collectionneur, passionn\u00e9 de BO mythiques ou \u00e0 la recherche d\u2019un cadeau original, c\u2019est le moment id\u00e9al pour enrichir votre collection \u00e0 petit prix.<\/p>\n<p data-start=\"1064\" data-end=\"1156\" data-is-last-node=\"\" data-is-only-node=\"\">Ne tardez pas : les quantit\u00e9s sont limit\u00e9es et ces vinyles risquent de partir tr\u00e8s vite !<\/p>\n<div dir=\"auto\">\n<div dir=\"auto\"><\/div>\n<div dir=\"auto\"><\/div>\n<\/div>\n<\/div>\n<\/div><\/section><\/p><\/div><\/div><\/div><\/main><!-- close content main element --><\/div><\/div>\n<style type=\"text\/css\" data-created_by=\"avia_inline_auto\" id=\"style-css-av-2n9lc8y-1ab2f5e3d07233048464671a32e6c587\">\n.avia-section.av-2n9lc8y-1ab2f5e3d07233048464671a32e6c587{\nmargin-top:0px;\nmargin-bottom:-20px;\n}\n<\/style>\n<div id='av_section_2'  class='avia-section av-2n9lc8y-1ab2f5e3d07233048464671a32e6c587 main_color avia-section-small avia-no-border-styling  avia-builder-el-5  el_after_av_section  el_before_av_section  article-img-txt avia-bg-style-scroll container_wrap fullsize'  ><div class='container av-section-cont-open' ><div class='template-page content  av-content-full alpha units'><div class='post-entry post-entry-type-page post-entry-122094'><div class='entry-content-wrapper clearfix'>\n<div  class='flex_column av-1yjt0o2-9ea888caec56be416b91f6b2f0fb5c3e av_one_half  avia-builder-el-6  avia-builder-el-no-sibling  first flex_column_div  '     ><section  class='av_textblock_section av-mf17atjr-600cc3789b7094af2b037cc165f4bc44 '   itemscope=\"itemscope\" itemtype=\"https:\/\/schema.org\/BlogPosting\" itemprop=\"blogPost\" ><div class='avia_textblock title-hn-content'  itemprop=\"text\" ><h2>O\u00f9 trouver les vinyles ?<\/h2>\n<\/div><\/section><br \/>\n<section  class='av_textblock_section av-mf17bgsy-9f6198189c323f43feac856e063ac733 '   itemscope=\"itemscope\" itemtype=\"https:\/\/schema.org\/BlogPosting\" itemprop=\"blogPost\" ><div class='avia_textblock'  itemprop=\"text\" ><div class=\"x11i5rnm xat24cr x1mh8g0r x1vvkbs xtlvy1s x126k92a\"><\/div>\n<div class=\"x11i5rnm xat24cr x1mh8g0r x1vvkbs xtlvy1s x126k92a\">\n<div dir=\"auto\">\n<div dir=\"auto\">\n<h3 data-start=\"770\" data-end=\"825\"><strong>Voici la liste compl\u00e8te des 173 magasins concern\u00e9s (jeudi 19 f\u00e9vrier) :<\/strong><\/h3>\n<h2 data-start=\"770\" data-end=\"825\"><b style=\"font-size: 20px;\" data-path-to-node=\"5\" data-index-in-node=\"0\">Aube (10)<\/b><\/h2>\n<div dir=\"auto\">\n<ul data-path-to-node=\"6\">\n<li>\n<p data-path-to-node=\"6,0,0\">Barberey (10)<\/p>\n<\/li>\n<li>\n<p data-path-to-node=\"6,1,0\">Romilly (10)<\/p>\n<\/li>\n<\/ul>\n<h3 data-path-to-node=\"7\"><b data-path-to-node=\"7\" data-index-in-node=\"0\">Calvados (14)<\/b><\/h3>\n<ul data-path-to-node=\"8\">\n<li>\n<p data-path-to-node=\"8,0,0\">Bayeux (14)<\/p>\n<\/li>\n<li>\n<p data-path-to-node=\"8,1,0\">Dives-sur-Mer (14)<\/p>\n<\/li>\n<li>\n<p data-path-to-node=\"8,2,0\">Mondeville (14)<\/p>\n<\/li>\n<li>\n<p data-path-to-node=\"8,3,0\">Saint-Contest (14)<\/p>\n<\/li>\n<li>\n<p data-path-to-node=\"8,4,0\">Vire (14)<\/p>\n<\/li>\n<\/ul>\n<h3 data-path-to-node=\"9\"><b data-path-to-node=\"9\" data-index-in-node=\"0\">Charente-Maritime (17)<\/b><\/h3>\n<ul data-path-to-node=\"10\">\n<li>\n<p data-path-to-node=\"10,0,0\">Rochefort (17)<\/p>\n<\/li>\n<li>\n<p data-path-to-node=\"10,1,0\">Saint-Jean-d&rsquo;Ang\u00e9ly (17)<\/p>\n<\/li>\n<li>\n<p data-path-to-node=\"10,2,0\">Tonnay-Charente (17)<\/p>\n<\/li>\n<\/ul>\n<h3 data-path-to-node=\"11\"><b data-path-to-node=\"11\" data-index-in-node=\"0\">Cher (18)<\/b><\/h3>\n<ul data-path-to-node=\"12\">\n<li>\n<p data-path-to-node=\"12,0,0\">Bourges (18)<\/p>\n<\/li>\n<li>\n<p data-path-to-node=\"12,1,0\">Saint-Florent-sur-Cher (18)<\/p>\n<\/li>\n<li>\n<p data-path-to-node=\"12,2,0\">Vierzon (18)<\/p>\n<\/li>\n<\/ul>\n<h3 data-path-to-node=\"13\"><b data-path-to-node=\"13\" data-index-in-node=\"0\">C\u00f4tes-d&rsquo;Armor (22)<\/b><\/h3>\n<ul data-path-to-node=\"14\">\n<li>\n<p data-path-to-node=\"14,0,0\">Guingamp (22)<\/p>\n<\/li>\n<li>\n<p data-path-to-node=\"14,1,0\">Lannion (22)<\/p>\n<\/li>\n<li>\n<p data-path-to-node=\"14,2,0\">Lanvollon (22)<\/p>\n<\/li>\n<li>\n<p data-path-to-node=\"14,3,0\">Loudeac (22)<\/p>\n<\/li>\n<li>\n<p data-path-to-node=\"14,4,0\">Quevert (22)<\/p>\n<\/li>\n<li>\n<p data-path-to-node=\"14,5,0\">Saint-Brieuc (22)<\/p>\n<\/li>\n<li>\n<p data-path-to-node=\"14,6,0\">Tregueux (22)<\/p>\n<\/li>\n<\/ul>\n<h3 data-path-to-node=\"15\"><b data-path-to-node=\"15\" data-index-in-node=\"0\">Eure (27)<\/b><\/h3>\n<ul data-path-to-node=\"16\">\n<li>\n<p data-path-to-node=\"16,0,0\">Evreux (27)<\/p>\n<\/li>\n<li>\n<p data-path-to-node=\"16,1,0\">Gisors (27)<\/p>\n<\/li>\n<li>\n<p data-path-to-node=\"16,2,0\">Gravigny (27)<\/p>\n<\/li>\n<li>\n<p data-path-to-node=\"16,3,0\">Menneval Bernay (27)<\/p>\n<\/li>\n<li>\n<p data-path-to-node=\"16,4,0\">Pont-Audemer (27)<\/p>\n<\/li>\n<\/ul>\n<h3 data-path-to-node=\"17\"><b data-path-to-node=\"17\" data-index-in-node=\"0\">Eure-et-Loir (28)<\/b><\/h3>\n<ul data-path-to-node=\"18\">\n<li>\n<p data-path-to-node=\"18,0,0\">Ch\u00e2teaudun (28)<\/p>\n<\/li>\n<li>\n<p data-path-to-node=\"18,1,0\">Maintenon (28)<\/p>\n<\/li>\n<li>\n<p data-path-to-node=\"18,2,0\">Vernouillet (28)<\/p>\n<\/li>\n<\/ul>\n<h3 data-path-to-node=\"19\"><b data-path-to-node=\"19\" data-index-in-node=\"0\">Finist\u00e8re (29)<\/b><\/h3>\n<ul data-path-to-node=\"20\">\n<li>\n<p data-path-to-node=\"20,0,0\">Concarneau (29)<\/p>\n<\/li>\n<li>\n<p data-path-to-node=\"20,1,0\">Gouesnou (29)<\/p>\n<\/li>\n<li>\n<p data-path-to-node=\"20,2,0\">Landerneau (29)<\/p>\n<\/li>\n<li>\n<p data-path-to-node=\"20,3,0\">Landivisiau (29)<\/p>\n<\/li>\n<li>\n<p data-path-to-node=\"20,4,0\">Morlaix 2 (29)<\/p>\n<\/li>\n<li>\n<p data-path-to-node=\"20,5,0\">Plougastel (29)<\/p>\n<\/li>\n<li>\n<p data-path-to-node=\"20,6,0\">Quimperl\u00e9 (29)<\/p>\n<\/li>\n<\/ul>\n<h3 data-path-to-node=\"21\"><b data-path-to-node=\"21\" data-index-in-node=\"0\">Ille-et-Vilaine (35)<\/b><\/h3>\n<ul data-path-to-node=\"22\">\n<li>\n<p data-path-to-node=\"22,0,0\">Chantepie (35)<\/p>\n<\/li>\n<li>\n<p data-path-to-node=\"22,1,0\">Lecousse (35)<\/p>\n<\/li>\n<li>\n<p data-path-to-node=\"22,2,0\">Redon (35)<\/p>\n<\/li>\n<li>\n<p data-path-to-node=\"22,3,0\">Rennes 1 (35)<\/p>\n<\/li>\n<li>\n<p data-path-to-node=\"22,4,0\">Rennes 2 (35)<\/p>\n<\/li>\n<li>\n<p data-path-to-node=\"22,5,0\">Saint-Malo (35)<\/p>\n<\/li>\n<li>\n<p data-path-to-node=\"22,6,0\">Saint-Meen-le-Grand (35)<\/p>\n<\/li>\n<li>\n<p data-path-to-node=\"22,7,0\">Vitr\u00e9 (35)<\/p>\n<\/li>\n<\/ul>\n<h3 data-path-to-node=\"23\"><b data-path-to-node=\"23\" data-index-in-node=\"0\">Indre (36)<\/b><\/h3>\n<ul data-path-to-node=\"24\">\n<li>\n<p data-path-to-node=\"24,0,0\">Ch\u00e2teauroux (36)<\/p>\n<\/li>\n<li>\n<p data-path-to-node=\"24,1,0\">Issoudun (36)<\/p>\n<\/li>\n<\/ul>\n<h3 data-path-to-node=\"25\"><b data-path-to-node=\"25\" data-index-in-node=\"0\">Indre-et-Loire (37)<\/b><\/h3>\n<ul data-path-to-node=\"26\">\n<li>\n<p data-path-to-node=\"26,0,0\">Loches (37)<\/p>\n<\/li>\n<\/ul>\n<h3 data-path-to-node=\"27\"><b data-path-to-node=\"27\" data-index-in-node=\"0\">Loir-et-Cher (41)<\/b><\/h3>\n<ul data-path-to-node=\"28\">\n<li>\n<p data-path-to-node=\"28,0,0\">Blois (41)<\/p>\n<\/li>\n<li>\n<p data-path-to-node=\"28,1,0\">Romorantin (41)<\/p>\n<\/li>\n<li>\n<p data-path-to-node=\"28,2,0\">Saint-Gervais-la-For\u00eat (41)<\/p>\n<\/li>\n<\/ul>\n<h3 data-path-to-node=\"29\"><b data-path-to-node=\"29\" data-index-in-node=\"0\">Loire-Atlantique (44)<\/b><\/h3>\n<ul data-path-to-node=\"30\">\n<li>\n<p data-path-to-node=\"30,0,0\">Ancenis-Saint-G\u00e9r\u00e9on (44)<\/p>\n<\/li>\n<li>\n<p data-path-to-node=\"30,1,0\">Ch\u00e2teaubriant 2 (44)<\/p>\n<\/li>\n<li>\n<p data-path-to-node=\"30,2,0\">Clisson (44)<\/p>\n<\/li>\n<li>\n<p data-path-to-node=\"30,3,0\">Saint-Brevin (44)<\/p>\n<\/li>\n<li>\n<p data-path-to-node=\"30,4,0\">Saint-Herblain (44)<\/p>\n<\/li>\n<li>\n<p data-path-to-node=\"30,5,0\">Saint-Nazaire (44)<\/p>\n<\/li>\n<li>\n<p data-path-to-node=\"30,6,0\">Saint-Nazaire 2 (44)<\/p>\n<\/li>\n<li>\n<p data-path-to-node=\"30,7,0\">Trignac (44)<\/p>\n<\/li>\n<\/ul>\n<h3 data-path-to-node=\"31\"><b data-path-to-node=\"31\" data-index-in-node=\"0\">Loiret (45)<\/b><\/h3>\n<ul data-path-to-node=\"32\">\n<li>\n<p data-path-to-node=\"32,0,0\">Fleury-les-Aubrais (45)<\/p>\n<\/li>\n<li>\n<p data-path-to-node=\"32,1,0\">Gien (45)<\/p>\n<\/li>\n<li>\n<p data-path-to-node=\"32,2,0\">Pithiviers (45)<\/p>\n<\/li>\n<li>\n<p data-path-to-node=\"32,3,0\">Saran (45)<\/p>\n<\/li>\n<\/ul>\n<h3 data-path-to-node=\"33\"><b data-path-to-node=\"33\" data-index-in-node=\"0\">Maine-et-Loire (49)<\/b><\/h3>\n<ul data-path-to-node=\"34\">\n<li>\n<p data-path-to-node=\"34,0,0\">Angers 1 (49)<\/p>\n<\/li>\n<li>\n<p data-path-to-node=\"34,1,0\">Angers 2 (49)<\/p>\n<\/li>\n<li>\n<p data-path-to-node=\"34,2,0\">Beaupreau (49)<\/p>\n<\/li>\n<li>\n<p data-path-to-node=\"34,3,0\">Chemille-en-Anjou (49)<\/p>\n<\/li>\n<li>\n<p data-path-to-node=\"34,4,0\">Cholet 2 (49)<\/p>\n<\/li>\n<li>\n<p data-path-to-node=\"34,5,0\">Saumur (49)<\/p>\n<\/li>\n<li>\n<p data-path-to-node=\"34,6,0\">Segr\u00e9-en-Anjou Bleu (49)<\/p>\n<\/li>\n<\/ul>\n<h3 data-path-to-node=\"35\"><b data-path-to-node=\"35\" data-index-in-node=\"0\">Manche (50)<\/b><\/h3>\n<ul data-path-to-node=\"36\">\n<li>\n<p data-path-to-node=\"36,0,0\">Agneaux (50)<\/p>\n<\/li>\n<li>\n<p data-path-to-node=\"36,1,0\">Avranches (50)<\/p>\n<\/li>\n<li>\n<p data-path-to-node=\"36,2,0\">Cherbourg (50)<\/p>\n<\/li>\n<li>\n<p data-path-to-node=\"36,3,0\">Equeurdreville-Hainneville (50)<\/p>\n<\/li>\n<li>\n<p data-path-to-node=\"36,4,0\">Granville (50)<\/p>\n<\/li>\n<\/ul>\n<h3 data-path-to-node=\"37\"><b data-path-to-node=\"37\" data-index-in-node=\"0\">Marne (51)<\/b><\/h3>\n<ul data-path-to-node=\"38\">\n<li>\n<p data-path-to-node=\"38,0,0\">Ch\u00e2lons-en-Champagne (51)<\/p>\n<\/li>\n<li>\n<p data-path-to-node=\"38,1,0\">Cormontreuil (51)<\/p>\n<\/li>\n<li>\n<p data-path-to-node=\"38,2,0\">Dizy (51)<\/p>\n<\/li>\n<li>\n<p data-path-to-node=\"38,3,0\">Reims (51)<\/p>\n<\/li>\n<li>\n<p data-path-to-node=\"38,4,0\">Vitry-le-Fran\u00e7ois (51)<\/p>\n<\/li>\n<\/ul>\n<h3 data-path-to-node=\"39\"><b data-path-to-node=\"39\" data-index-in-node=\"0\">Mayenne (53)<\/b><\/h3>\n<ul data-path-to-node=\"40\">\n<li>\n<p data-path-to-node=\"40,0,0\">Ch\u00e2teau-Gontier (53)<\/p>\n<\/li>\n<li>\n<p data-path-to-node=\"40,1,0\">Craon (53)<\/p>\n<\/li>\n<li>\n<p data-path-to-node=\"40,2,0\">Laval 1 (53)<\/p>\n<\/li>\n<li>\n<p data-path-to-node=\"40,3,0\">Laval 2 (53)<\/p>\n<\/li>\n<li>\n<p data-path-to-node=\"40,4,0\">Mayenne (53)<\/p>\n<\/li>\n<\/ul>\n<h3 data-path-to-node=\"41\"><b data-path-to-node=\"41\" data-index-in-node=\"0\">Morbihan (56)<\/b><\/h3>\n<ul data-path-to-node=\"42\">\n<li>\n<p data-path-to-node=\"42,0,0\">Caudan (56)<\/p>\n<\/li>\n<li>\n<p data-path-to-node=\"42,1,0\">Pluneret (56)<\/p>\n<\/li>\n<li>\n<p data-path-to-node=\"42,2,0\">Pontivy (56)<\/p>\n<\/li>\n<li>\n<p data-path-to-node=\"42,3,0\">Questembert (56)<\/p>\n<\/li>\n<li>\n<p data-path-to-node=\"42,4,0\">S\u00e8ne (56)<\/p>\n<\/li>\n<li>\n<p data-path-to-node=\"42,5,0\">Vannes (56)<\/p>\n<\/li>\n<\/ul>\n<h3 data-path-to-node=\"43\"><b data-path-to-node=\"43\" data-index-in-node=\"0\">Ni\u00e8vre (58)<\/b><\/h3>\n<ul data-path-to-node=\"44\">\n<li>\n<p data-path-to-node=\"44,0,0\">Cosne-Cours-sur-Loire (58)<\/p>\n<\/li>\n<li>\n<p data-path-to-node=\"44,1,0\">Varennes-Vauzelles (58)<\/p>\n<\/li>\n<\/ul>\n<h3 data-path-to-node=\"45\"><b data-path-to-node=\"45\" data-index-in-node=\"0\">Nord (59)<\/b><\/h3>\n<ul data-path-to-node=\"46\">\n<li>\n<p data-path-to-node=\"46,0,0\">Douai (59)<\/p>\n<\/li>\n<li>\n<p data-path-to-node=\"46,1,0\">Englos (59)<\/p>\n<\/li>\n<li>\n<p data-path-to-node=\"46,2,0\">Fourmies (59)<\/p>\n<\/li>\n<li>\n<p data-path-to-node=\"46,3,0\">Hazebrouck (59)<\/p>\n<\/li>\n<li>\n<p data-path-to-node=\"46,4,0\">Louvroil (59)<\/p>\n<\/li>\n<li>\n<p data-path-to-node=\"46,5,0\">Nieppe (59)<\/p>\n<\/li>\n<li>\n<p data-path-to-node=\"46,6,0\">Proville (59)<\/p>\n<\/li>\n<li>\n<p data-path-to-node=\"46,7,0\">Saint-Pol-sur-Mer (59)<\/p>\n<\/li>\n<li>\n<p data-path-to-node=\"46,8,0\">Tourcoing (59)<\/p>\n<\/li>\n<li>\n<p data-path-to-node=\"46,9,0\">Wavrechain-sous-Denain (59)<\/p>\n<\/li>\n<\/ul>\n<h3 data-path-to-node=\"47\"><b data-path-to-node=\"47\" data-index-in-node=\"0\">Oise (60)<\/b><\/h3>\n<ul data-path-to-node=\"48\">\n<li>\n<p data-path-to-node=\"48,0,0\">Allonne (60)<\/p>\n<\/li>\n<li>\n<p data-path-to-node=\"48,1,0\">Chambly (60)<\/p>\n<\/li>\n<li>\n<p data-path-to-node=\"48,2,0\">Montataire (60)<\/p>\n<\/li>\n<li>\n<p data-path-to-node=\"48,3,0\">Neuilly-sous-Clermont (60)<\/p>\n<\/li>\n<li>\n<p data-path-to-node=\"48,4,0\">Noyon (60)<\/p>\n<\/li>\n<li>\n<p data-path-to-node=\"48,5,0\">Tille (60)<\/p>\n<\/li>\n<\/ul>\n<h3 data-path-to-node=\"49\"><b data-path-to-node=\"49\" data-index-in-node=\"0\">Orne (61)<\/b><\/h3>\n<ul data-path-to-node=\"50\">\n<li>\n<p data-path-to-node=\"50,0,0\">Alen\u00e7on (61)<\/p>\n<\/li>\n<li>\n<p data-path-to-node=\"50,1,0\">Argentan (61)<\/p>\n<\/li>\n<li>\n<p data-path-to-node=\"50,2,0\">Flers (61)<\/p>\n<\/li>\n<li>\n<p data-path-to-node=\"50,3,0\">La Fert\u00e9-Mac\u00e9 (61)<\/p>\n<\/li>\n<\/ul>\n<h3 data-path-to-node=\"51\"><b data-path-to-node=\"51\" data-index-in-node=\"0\">Pas-de-Calais (62)<\/b><\/h3>\n<ul data-path-to-node=\"52\">\n<li>\n<p data-path-to-node=\"52,0,0\">Achicourt (62)<\/p>\n<\/li>\n<li>\n<p data-path-to-node=\"52,1,0\">Berck (62)<\/p>\n<\/li>\n<li>\n<p data-path-to-node=\"52,2,0\">Calais (62)<\/p>\n<\/li>\n<li>\n<p data-path-to-node=\"52,3,0\">Calais 2 (62)<\/p>\n<\/li>\n<li>\n<p data-path-to-node=\"52,4,0\">Carvin (62)<\/p>\n<\/li>\n<li>\n<p data-path-to-node=\"52,5,0\">Courri\u00e8res (62)<\/p>\n<\/li>\n<li>\n<p data-path-to-node=\"52,6,0\">Divion (62)<\/p>\n<\/li>\n<li>\n<p data-path-to-node=\"52,7,0\">Fouqui\u00e8res-l\u00e8s-B\u00e9thune (62)<\/p>\n<\/li>\n<li>\n<p data-path-to-node=\"52,8,0\">Isbergues (62)<\/p>\n<\/li>\n<li>\n<p data-path-to-node=\"52,9,0\">Lens (62)<\/p>\n<\/li>\n<li>\n<p data-path-to-node=\"52,10,0\">Loison-sous-Lens (62)<\/p>\n<\/li>\n<li>\n<p data-path-to-node=\"52,11,0\">N\u0153ux-les-Mines (62)<\/p>\n<\/li>\n<li>\n<p data-path-to-node=\"52,12,0\">Noyelles-Godault (62)<\/p>\n<\/li>\n<\/ul>\n<h3 data-path-to-node=\"53\"><b data-path-to-node=\"53\" data-index-in-node=\"0\">Sarthe (72)<\/b><\/h3>\n<ul data-path-to-node=\"54\">\n<li>\n<p data-path-to-node=\"54,0,0\">Allonnes (72)<\/p>\n<\/li>\n<li>\n<p data-path-to-node=\"54,1,0\">La chapelle-St-Aubin (72)<\/p>\n<\/li>\n<li>\n<p data-path-to-node=\"54,2,0\">La Fl\u00e8che (72)<\/p>\n<\/li>\n<li>\n<p data-path-to-node=\"54,3,0\">Le Mans 1 (72)<\/p>\n<\/li>\n<li>\n<p data-path-to-node=\"54,4,0\">Sabl\u00e9-sur-Sarthe (72)<\/p>\n<\/li>\n<\/ul>\n<h3 data-path-to-node=\"55\"><b data-path-to-node=\"55\" data-index-in-node=\"0\">Seine-et-Marne (77)<\/b><\/h3>\n<ul data-path-to-node=\"56\">\n<li>\n<p data-path-to-node=\"56,0,0\">Coulommiers (77)<\/p>\n<\/li>\n<li>\n<p data-path-to-node=\"56,1,0\">Mareuil-les-Meaux (77)<\/p>\n<\/li>\n<li>\n<p data-path-to-node=\"56,2,0\">Provins (77)<\/p>\n<\/li>\n<li>\n<p data-path-to-node=\"56,3,0\">Saint-Soupplets (77)<\/p>\n<\/li>\n<li>\n<p data-path-to-node=\"56,4,0\">Vaux-le-P\u00e9nil (77)<\/p>\n<\/li>\n<\/ul>\n<h3 data-path-to-node=\"57\"><b data-path-to-node=\"57\" data-index-in-node=\"0\">Seine-Maritime (76)<\/b><\/h3>\n<ul data-path-to-node=\"58\">\n<li>\n<p data-path-to-node=\"58,0,0\">Barentin (76)<\/p>\n<\/li>\n<li>\n<p data-path-to-node=\"58,1,0\">Caudebec (76)<\/p>\n<\/li>\n<li>\n<p data-path-to-node=\"58,2,0\">Dieppe (76)<\/p>\n<\/li>\n<li>\n<p data-path-to-node=\"58,3,0\">Eu (76)<\/p>\n<\/li>\n<li>\n<p data-path-to-node=\"58,4,0\">Gournay (76)<\/p>\n<\/li>\n<li>\n<p data-path-to-node=\"58,5,0\">Gruchet (76)<\/p>\n<\/li>\n<li>\n<p data-path-to-node=\"58,6,0\">Mesnil-Esnard (76)<\/p>\n<\/li>\n<\/ul>\n<h3 data-path-to-node=\"59\"><b data-path-to-node=\"59\" data-index-in-node=\"0\">Deux-S\u00e8vres (79)<\/b><\/h3>\n<ul data-path-to-node=\"60\">\n<li>\n<p data-path-to-node=\"60,0,0\">Niort (79)<\/p>\n<\/li>\n<li>\n<p data-path-to-node=\"60,1,0\">Parthenay (79)<\/p>\n<\/li>\n<li>\n<p data-path-to-node=\"60,2,0\">Thouars (79)<\/p>\n<\/li>\n<\/ul>\n<h3 data-path-to-node=\"61\"><b data-path-to-node=\"61\" data-index-in-node=\"0\">Somme (80)<\/b><\/h3>\n<ul data-path-to-node=\"62\">\n<li>\n<p data-path-to-node=\"62,0,0\">Abbeville (80)<\/p>\n<\/li>\n<li>\n<p data-path-to-node=\"62,1,0\">Albert (80)<\/p>\n<\/li>\n<li>\n<p data-path-to-node=\"62,2,0\">P\u00e9ronne (80)<\/p>\n<\/li>\n<li>\n<p data-path-to-node=\"62,3,0\">Villers (80)<\/p>\n<\/li>\n<\/ul>\n<h3 data-path-to-node=\"63\"><b data-path-to-node=\"63\" data-index-in-node=\"0\">Vend\u00e9e (85)<\/b><\/h3>\n<ul data-path-to-node=\"64\">\n<li>\n<p data-path-to-node=\"64,0,0\">La Roche-sur-Yon (85)<\/p>\n<\/li>\n<li>\n<p data-path-to-node=\"64,1,0\">Les Herbiers (85)<\/p>\n<\/li>\n<li>\n<p data-path-to-node=\"64,2,0\">Olonne-sur-Mer (85)<\/p>\n<\/li>\n<\/ul>\n<h3 data-path-to-node=\"65\"><b data-path-to-node=\"65\" data-index-in-node=\"0\">Vienne (86)<\/b><\/h3>\n<ul data-path-to-node=\"66\">\n<li>\n<p data-path-to-node=\"66,0,0\">Chasseneuil-du-Poitou (86)<\/p>\n<\/li>\n<li>\n<p data-path-to-node=\"66,1,0\">Ch\u00e2tellerault 2 (86)<\/p>\n<\/li>\n<li>\n<p data-path-to-node=\"66,2,0\">Poitiers (86)<\/p>\n<\/li>\n<\/ul>\n<h3 data-path-to-node=\"67\"><b data-path-to-node=\"67\" data-index-in-node=\"0\">Yvelines (78)<\/b><\/h3>\n<ul data-path-to-node=\"68\">\n<li>\n<p data-path-to-node=\"68,0,0\">Epone 1 (78)<\/p>\n<\/li>\n<li>\n<p data-path-to-node=\"68,1,0\">Mantes-la-Ville (78)<\/p>\n<\/li>\n<\/ul>\n<h3 data-path-to-node=\"69\"><b data-path-to-node=\"69\" data-index-in-node=\"0\">Yonne (89)<\/b><\/h3>\n<ul data-path-to-node=\"70\">\n<li>\n<p data-path-to-node=\"70,0,0\">Joigny (89)<\/p>\n<\/li>\n<li>\n<p data-path-to-node=\"70,1,0\">Perrigny (89)<\/p>\n<\/li>\n<li>\n<p data-path-to-node=\"70,2,0\">Sens (89)<\/p>\n<\/li>\n<\/ul>\n<h3 data-path-to-node=\"71\"><b data-path-to-node=\"71\" data-index-in-node=\"0\">Essonne (91)<\/b><\/h3>\n<ul data-path-to-node=\"72\">\n<li>\n<p data-path-to-node=\"72,0,0\">Br\u00e9tigny-sur-Orge (91)<\/p>\n<\/li>\n<li>\n<p data-path-to-node=\"72,1,0\">Etampes (91)<\/p>\n<\/li>\n<li>\n<p data-path-to-node=\"72,2,0\">La Ville-du-Bois (91)<\/p>\n<\/li>\n<li>\n<p data-path-to-node=\"72,3,0\">Savigny (91)<\/p>\n<\/li>\n<li>\n<p data-path-to-node=\"72,4,0\">Vigneux-sur-Seine (91)<\/p>\n<\/li>\n<li>\n<p data-path-to-node=\"72,5,0\">Villab\u00e9 (91)<\/p>\n<\/li>\n<\/ul>\n<h3 data-path-to-node=\"73\"><b data-path-to-node=\"73\" data-index-in-node=\"0\">Seine-Saint-Denis (93)<\/b><\/h3>\n<ul data-path-to-node=\"74\">\n<li>\n<p data-path-to-node=\"74,0,0\">Saint-Ouen (93)<\/p>\n<\/li>\n<\/ul>\n<\/div>\n<\/div>\n<\/div>\n<\/div>\n<h3><strong>Voici la liste compl\u00e8te des 34 NOZ Boutique (jeudi 2 mars) :<\/strong><\/h3>\n<h3 data-path-to-node=\"1\"><b data-path-to-node=\"1\" data-index-in-node=\"0\">Ain (01)<\/b><\/h3>\n<ul data-path-to-node=\"2\">\n<li>\n<p data-path-to-node=\"2,0,0\">Amberieu-en-Bugey (01)<\/p>\n<\/li>\n<li>\n<p data-path-to-node=\"2,1,0\">Bourg-en-Bresse (01)<\/p>\n<\/li>\n<\/ul>\n<h3 data-path-to-node=\"3\"><b data-path-to-node=\"3\" data-index-in-node=\"0\">Allier (03)<\/b><\/h3>\n<ul data-path-to-node=\"4\">\n<li>\n<p data-path-to-node=\"4,0,0\">Creuzier-le-Vieux (03)<\/p>\n<\/li>\n<li>\n<p data-path-to-node=\"4,1,0\">Montlu\u00e7on (03)<\/p>\n<\/li>\n<\/ul>\n<h3 data-path-to-node=\"5\"><b data-path-to-node=\"5\" data-index-in-node=\"0\">Aube (10)<\/b><\/h3>\n<ul data-path-to-node=\"6\">\n<li>\n<p data-path-to-node=\"6,0,0\">Saint-Parres-aux-Tertres (10)<\/p>\n<\/li>\n<\/ul>\n<h3 data-path-to-node=\"53\"><b data-path-to-node=\"53\" data-index-in-node=\"0\">C\u00f4te-d&rsquo;Or (21)<\/b><\/h3>\n<ul data-path-to-node=\"54\">\n<li>\n<p data-path-to-node=\"54,0,0\">Marsannay (21)<\/p>\n<\/li>\n<li>\n<p data-path-to-node=\"54,1,0\">Quetigny (21)<\/p>\n<\/li>\n<\/ul>\n<h3 data-path-to-node=\"19\"><b data-path-to-node=\"19\" data-index-in-node=\"0\">Dordogne (24)<\/b><\/h3>\n<ul data-path-to-node=\"20\">\n<li>\n<p data-path-to-node=\"20,0,0\">Bergerac (24)<\/p>\n<\/li>\n<\/ul>\n<h3 data-path-to-node=\"17\"><b data-path-to-node=\"17\" data-index-in-node=\"0\">Eure-et-Loir (28)<\/b><\/h3>\n<ul data-path-to-node=\"18\">\n<li>\n<p data-path-to-node=\"18,0,0\">Chartres (28)<\/p>\n<\/li>\n<\/ul>\n<h3 data-path-to-node=\"7\"><b data-path-to-node=\"7\" data-index-in-node=\"0\">Gard (30)<\/b><\/h3>\n<ul data-path-to-node=\"8\">\n<li>\n<p data-path-to-node=\"8,0,0\">Saint-Hilaire-de-Brethmas (30)<\/p>\n<\/li>\n<\/ul>\n<h3 data-path-to-node=\"11\"><b data-path-to-node=\"11\" data-index-in-node=\"0\">H\u00e9rault (34)<\/b><\/h3>\n<ul data-path-to-node=\"12\">\n<li>\n<p data-path-to-node=\"12,0,0\">Agde (34)<\/p>\n<\/li>\n<li>\n<p data-path-to-node=\"12,1,0\">Montpellier (34)<\/p>\n<\/li>\n<\/ul>\n<h3 data-path-to-node=\"13\"><b data-path-to-node=\"13\" data-index-in-node=\"0\">Indre-et-Loire (37)<\/b><\/h3>\n<ul data-path-to-node=\"14\">\n<li>\n<p data-path-to-node=\"14,0,0\">St-Cyr-sur-Loire (37)<\/p>\n<\/li>\n<\/ul>\n<h3 data-path-to-node=\"15\"><b data-path-to-node=\"15\" data-index-in-node=\"0\">Is\u00e8re (38)<\/b><\/h3>\n<ul data-path-to-node=\"16\">\n<li>\n<p data-path-to-node=\"16,0,0\">Grenoble (38)<\/p>\n<\/li>\n<\/ul>\n<h3 data-path-to-node=\"19\"><b data-path-to-node=\"19\" data-index-in-node=\"0\">Landes (40)<\/b><\/h3>\n<ul>\n<li>Saint-Paul-l\u00e8s-Dax (40)<\/li>\n<\/ul>\n<h3 data-path-to-node=\"21\"><b data-path-to-node=\"21\" data-index-in-node=\"0\">Loire (42)<\/b><\/h3>\n<ul data-path-to-node=\"22\">\n<li>\n<p data-path-to-node=\"22,0,0\">Roanne (42)<\/p>\n<\/li>\n<li>\n<p data-path-to-node=\"22,1,0\">Villars (42)<\/p>\n<\/li>\n<\/ul>\n<h3 data-path-to-node=\"23\"><b data-path-to-node=\"23\" data-index-in-node=\"0\">Lot-et-Garonne (47)<\/b><\/h3>\n<ul data-path-to-node=\"24\">\n<li>\n<p data-path-to-node=\"24,0,0\">Agen (47)<\/p>\n<\/li>\n<\/ul>\n<h3 data-path-to-node=\"25\"><b data-path-to-node=\"25\" data-index-in-node=\"0\">Meurthe-et-Moselle (54)<\/b><\/h3>\n<ul data-path-to-node=\"26\">\n<li>\n<p data-path-to-node=\"26,0,0\">Vandoeuvre les Nancy (54)<\/p>\n<\/li>\n<\/ul>\n<h3 data-path-to-node=\"27\"><b data-path-to-node=\"27\" data-index-in-node=\"0\">Meuse (55)<\/b><\/h3>\n<ul data-path-to-node=\"28\">\n<li>\n<p data-path-to-node=\"28,0,0\">Verdun (55)<\/p>\n<\/li>\n<\/ul>\n<h3 data-path-to-node=\"29\"><b data-path-to-node=\"29\" data-index-in-node=\"0\">Nord (59)<\/b><\/h3>\n<ul data-path-to-node=\"30\">\n<li>\n<p data-path-to-node=\"30,0,0\">Anzin (59)<\/p>\n<\/li>\n<\/ul>\n<h3 data-path-to-node=\"31\"><b data-path-to-node=\"31\" data-index-in-node=\"0\">Pas-de-Calais (62)<\/b><\/h3>\n<ul data-path-to-node=\"32\">\n<li>\n<p data-path-to-node=\"32,0,0\">Saint-Martin-au-La\u00ebrt (62)<\/p>\n<\/li>\n<\/ul>\n<h3 data-path-to-node=\"33\"><b data-path-to-node=\"33\" data-index-in-node=\"0\">Puy-de-D\u00f4me (63)<\/b><\/h3>\n<ul data-path-to-node=\"34\">\n<li>\n<p data-path-to-node=\"34,0,0\">Cournon (63)<\/p>\n<\/li>\n<li>\n<p data-path-to-node=\"34,1,0\">Riom (63)<\/p>\n<\/li>\n<\/ul>\n<h3 data-path-to-node=\"35\"><b data-path-to-node=\"35\" data-index-in-node=\"0\">Pyr\u00e9n\u00e9es-Atlantiques (64)<\/b><\/h3>\n<ul data-path-to-node=\"36\">\n<li>Lons (64)<\/li>\n<\/ul>\n<h3 data-path-to-node=\"37\"><b data-path-to-node=\"37\" data-index-in-node=\"0\">Pyr\u00e9n\u00e9es-Orientales (66)<\/b><\/h3>\n<ul data-path-to-node=\"38\">\n<li>\n<p data-path-to-node=\"38,0,0\">Claira (66)<\/p>\n<\/li>\n<li>\n<p data-path-to-node=\"38,1,0\">Perpignan (66)<\/p>\n<\/li>\n<\/ul>\n<h3 data-path-to-node=\"39\"><b data-path-to-node=\"39\" data-index-in-node=\"0\">Bas-Rhin (67)<\/b><\/h3>\n<ul data-path-to-node=\"40\">\n<li>\n<p data-path-to-node=\"40,0,0\">Mutzig (67)<\/p>\n<\/li>\n<\/ul>\n<h3 data-path-to-node=\"41\"><b data-path-to-node=\"41\" data-index-in-node=\"0\">Haut-Rhin (68)<\/b><\/h3>\n<ul data-path-to-node=\"42\">\n<li>\n<p data-path-to-node=\"42,0,0\">Morschwiller (68)<\/p>\n<\/li>\n<\/ul>\n<h3 data-path-to-node=\"43\"><b data-path-to-node=\"43\" data-index-in-node=\"0\">Sa\u00f4ne-et-Loire (71)<\/b><\/h3>\n<ul data-path-to-node=\"44\">\n<li>\n<p data-path-to-node=\"44,0,0\">Le Creusot 2 (71)<\/p>\n<\/li>\n<\/ul>\n<h3 data-path-to-node=\"45\"><b data-path-to-node=\"45\" data-index-in-node=\"0\">Somme (80)<\/b><\/h3>\n<ul data-path-to-node=\"46\">\n<li>\n<p data-path-to-node=\"46,0,0\">Amiens (80)<\/p>\n<\/li>\n<\/ul>\n<h3 data-path-to-node=\"47\"><b data-path-to-node=\"47\" data-index-in-node=\"0\">Vaucluse (84)<\/b><\/h3>\n<ul data-path-to-node=\"48\">\n<li>\n<p data-path-to-node=\"48,0,0\">Orange (84)<\/p>\n<\/li>\n<\/ul>\n<h3 data-path-to-node=\"51\"><b data-path-to-node=\"51\" data-index-in-node=\"0\">Haute-Vienne (87)<\/b><\/h3>\n<ul>\n<li>Limoges (87)<\/li>\n<\/ul>\n<h3 data-path-to-node=\"49\"><b data-path-to-node=\"49\" data-index-in-node=\"0\">Vosges (88)<\/b><\/h3>\n<ul data-path-to-node=\"50\">\n<li>\n<p data-path-to-node=\"50,0,0\">Saint-Di\u00e9-des-Vosges (88)<\/p>\n<\/li>\n<\/ul>\n<h3><strong>Voici la liste compl\u00e8te des 28 NOZ Boutique (jeudi 16 mars) :<\/strong><\/h3>\n<h3 data-path-to-node=\"1\"><b data-path-to-node=\"1\" data-index-in-node=\"0\">Ain (01)<\/b><\/h3>\n<ul data-path-to-node=\"2\">\n<li>\n<p data-path-to-node=\"2,0,0\">Amb\u00e9rieu-en-Bugey (01)<\/p>\n<\/li>\n<li>\n<p data-path-to-node=\"2,1,0\">Bourg-en-Bresse (01)<\/p>\n<\/li>\n<\/ul>\n<h3 data-path-to-node=\"3\"><b data-path-to-node=\"3\" data-index-in-node=\"0\">Aube (10)<\/b><\/h3>\n<ul data-path-to-node=\"4\">\n<li>\n<p data-path-to-node=\"4,0,0\">Saint-Parres-aux-Tertres (10)<\/p>\n<\/li>\n<\/ul>\n<h3 data-path-to-node=\"5\"><b data-path-to-node=\"5\" data-index-in-node=\"0\">Charente-Maritime (17)<\/b><\/h3>\n<ul data-path-to-node=\"6\">\n<li>\n<p data-path-to-node=\"6,0,0\">Saint-Jean-d&rsquo;Ang\u00e9ly (17)<\/p>\n<\/li>\n<li>\n<p data-path-to-node=\"6,1,0\">Tonnay-Charente (17)<\/p>\n<\/li>\n<\/ul>\n<h3 data-path-to-node=\"7\"><b data-path-to-node=\"7\" data-index-in-node=\"0\">C\u00f4te-d&rsquo;Or (21)<\/b><\/h3>\n<ul data-path-to-node=\"8\">\n<li>\n<p data-path-to-node=\"8,0,0\">Marsannay (21)<\/p>\n<\/li>\n<li>\n<p data-path-to-node=\"8,1,0\">Quetigny (21)<\/p>\n<\/li>\n<\/ul>\n<h3 data-path-to-node=\"9\"><b data-path-to-node=\"9\" data-index-in-node=\"0\">Eure-et-Loir (28)<\/b><\/h3>\n<ul data-path-to-node=\"10\">\n<li>\n<p data-path-to-node=\"10,0,0\">Chartres (28)<\/p>\n<\/li>\n<\/ul>\n<h3 data-path-to-node=\"11\"><b data-path-to-node=\"11\" data-index-in-node=\"0\">Is\u00e8re (38)<\/b><\/h3>\n<ul data-path-to-node=\"12\">\n<li>\n<p data-path-to-node=\"12,0,0\">Grenoble (38)<\/p>\n<\/li>\n<\/ul>\n<h3 data-path-to-node=\"13\"><b data-path-to-node=\"13\" data-index-in-node=\"0\">Loire (42)<\/b><\/h3>\n<ul data-path-to-node=\"14\">\n<li>\n<p data-path-to-node=\"14,0,0\">Roanne (42)<\/p>\n<\/li>\n<li>\n<p data-path-to-node=\"14,1,0\">Villars (42)<\/p>\n<\/li>\n<\/ul>\n<h3 data-path-to-node=\"15\"><b data-path-to-node=\"15\" data-index-in-node=\"0\">Morbihan (56)<\/b><\/h3>\n<ul data-path-to-node=\"16\">\n<li>\n<p data-path-to-node=\"16,0,0\">Vannes (56)<\/p>\n<\/li>\n<\/ul>\n<h3 data-path-to-node=\"17\"><b data-path-to-node=\"17\" data-index-in-node=\"0\">Puy-de-D\u00f4me (63)<\/b><\/h3>\n<ul data-path-to-node=\"18\">\n<li>\n<p data-path-to-node=\"18,0,0\">Cournon (63)<\/p>\n<\/li>\n<li>\n<p data-path-to-node=\"18,1,0\">Riom (63)<\/p>\n<\/li>\n<\/ul>\n<h3 data-path-to-node=\"19\"><b data-path-to-node=\"19\" data-index-in-node=\"0\">Sa\u00f4ne-et-Loire (71)<\/b><\/h3>\n<ul data-path-to-node=\"20\">\n<li>\n<p data-path-to-node=\"20,0,0\">Le Creusot 2 (71)<\/p>\n<\/li>\n<\/ul>\n<h3 data-path-to-node=\"21\"><b data-path-to-node=\"21\" data-index-in-node=\"0\">Sarthe (72)<\/b><\/h3>\n<ul data-path-to-node=\"22\">\n<li>\n<p data-path-to-node=\"22,0,0\">La Fl\u00e8che (72)<\/p>\n<\/li>\n<\/ul>\n<h3 data-path-to-node=\"23\"><b data-path-to-node=\"23\" data-index-in-node=\"0\">Vend\u00e9e (85)<\/b><\/h3>\n<ul data-path-to-node=\"24\">\n<li>\n<p data-path-to-node=\"24,0,0\">Olonne-sur-Mer (85)<\/p>\n<\/li>\n<\/ul>\n<h3 data-path-to-node=\"25\"><b data-path-to-node=\"25\" data-index-in-node=\"0\">Allier (03)<\/b><\/h3>\n<ul data-path-to-node=\"26\">\n<li>\n<p data-path-to-node=\"26,0,0\">Creuzier-le-Vieux (03)<\/p>\n<\/li>\n<li>\n<p data-path-to-node=\"26,1,0\">Montlu\u00e7on (03)<\/p>\n<\/li>\n<\/ul>\n<h3 data-path-to-node=\"27\"><b data-path-to-node=\"27\" data-index-in-node=\"0\">Dordogne (24)<\/b><\/h3>\n<ul data-path-to-node=\"28\">\n<li>\n<p data-path-to-node=\"28,0,0\">Bergerac (24)<\/p>\n<\/li>\n<\/ul>\n<h3 data-path-to-node=\"29\"><b data-path-to-node=\"29\" data-index-in-node=\"0\">Indre-et-Loire (37)<\/b><\/h3>\n<ul data-path-to-node=\"30\">\n<li>\n<p data-path-to-node=\"30,0,0\">St Cyr sur Loire (37)<\/p>\n<\/li>\n<\/ul>\n<h3 data-path-to-node=\"31\"><b data-path-to-node=\"31\" data-index-in-node=\"0\">Haute-Vienne (87)<\/b><\/h3>\n<ul data-path-to-node=\"32\">\n<li>\n<p data-path-to-node=\"32,0,0\">Limoges (87)<\/p>\n<\/li>\n<\/ul>\n<h3 data-path-to-node=\"33\"><b data-path-to-node=\"33\" data-index-in-node=\"0\">Bas-Rhin (67)<\/b><\/h3>\n<ul data-path-to-node=\"34\">\n<li>\n<p data-path-to-node=\"34,0,0\">Mutzig (67)<\/p>\n<\/li>\n<\/ul>\n<h3 data-path-to-node=\"35\"><b data-path-to-node=\"35\" data-index-in-node=\"0\">Meurthe-et-Moselle (54)<\/b><\/h3>\n<ul data-path-to-node=\"36\">\n<li>\n<p data-path-to-node=\"36,0,0\">Vandoeuvre-l\u00e8s-Nancy (54)<\/p>\n<\/li>\n<\/ul>\n<h3 data-path-to-node=\"37\"><b data-path-to-node=\"37\" data-index-in-node=\"0\">Haut-Rhin (68)<\/b><\/h3>\n<ul data-path-to-node=\"38\">\n<li>\n<p data-path-to-node=\"38,0,0\">Morschwiller (68)<\/p>\n<\/li>\n<\/ul>\n<h3 data-path-to-node=\"39\"><b data-path-to-node=\"39\" data-index-in-node=\"0\">Vosges (88)<\/b><\/h3>\n<ul data-path-to-node=\"40\">\n<li>\n<p data-path-to-node=\"40,0,0\">Saint-Di\u00e9-des-Vosges (88)<\/p>\n<\/li>\n<\/ul>\n<h3 data-path-to-node=\"41\"><b data-path-to-node=\"41\" data-index-in-node=\"0\">Meuse (55)<\/b><\/h3>\n<ul data-path-to-node=\"42\">\n<li>\n<p data-path-to-node=\"42,0,0\">Verdun (55)<\/p>\n<\/li>\n<\/ul>\n<h3 data-path-to-node=\"43\"><b data-path-to-node=\"43\" data-index-in-node=\"0\">Pas-de-Calais (62)<\/b><\/h3>\n<ul data-path-to-node=\"44\">\n<li>\n<p data-path-to-node=\"44,0,0\">Saint-Martin-au-La\u00ebrt (62)<\/p>\n<\/li>\n<\/ul>\n<h3 data-path-to-node=\"45\"><b data-path-to-node=\"45\" data-index-in-node=\"0\">Nord (59)<\/b><\/h3>\n<ul data-path-to-node=\"46\">\n<li>\n<p data-path-to-node=\"46,0,0\">Anzin (59)<\/p>\n<\/li>\n<\/ul>\n<div class=\"x11i5rnm xat24cr x1mh8g0r x1vvkbs xtlvy1s x126k92a\">\n<div dir=\"auto\">\n<div dir=\"auto\">\n<div dir=\"auto\"><\/div>\n<\/div>\n<\/div>\n<\/div>\n<\/div><\/section><\/p><\/div><\/div><\/div><\/div><!-- close content main div --><\/div><\/div>\n<style type=\"text\/css\" data-created_by=\"avia_inline_auto\" id=\"style-css-av-a9plcz-2d4a55981dd0228c78d1974517e4fa4f\">\n.avia-section.av-a9plcz-2d4a55981dd0228c78d1974517e4fa4f{\nmargin-top:0px;\nmargin-bottom:-20px;\n}\n<\/style>\n<div id='av_section_3'  class='avia-section av-a9plcz-2d4a55981dd0228c78d1974517e4fa4f main_color avia-section-small avia-no-border-styling  avia-builder-el-9  el_after_av_section  el_before_av_section  article-img-txt avia-bg-style-scroll container_wrap fullsize'  ><div class='container av-section-cont-open' ><div class='template-page content  av-content-full alpha units'><div class='post-entry post-entry-type-page post-entry-122094'><div class='entry-content-wrapper clearfix'>\n<div  class='flex_column av-78e616-6e1b612c7720186c26427cdaac5769e6 av_one_full  avia-builder-el-10  avia-builder-el-no-sibling  first flex_column_div  '     ><section  class='av_textblock_section av-lo4d6q7z-8e05c412b405eea3675642f8b0f71a0b '   itemscope=\"itemscope\" itemtype=\"https:\/\/schema.org\/BlogPosting\" itemprop=\"blogPost\" ><div class='avia_textblock'  itemprop=\"text\" ><p style=\"text-align: center;\">Retrouvez nos arrivages sur : <a href=\"https:\/\/www.noz.fr\/nos-arrivages\/\">https:\/\/www.noz.fr\/nos-arrivages\/<\/a>.<\/p>\n<p style=\"text-align: center;\">Int\u00e9ress\u00e9(e) par la g\u00e9rance-mandat ? Rendez-vous <a href=\"https:\/\/www.noz.fr\/gerance-mandat\/\"><u>ici<\/u> <\/a>!<a href=\"https:\/\/www.nozarrivages.com\/\"><br class=\"avia-permanent-lb\" \/><\/a><\/p>\n<\/div><\/section><\/div>\n<\/p>\n<\/div><\/div><\/div><!-- close content main div --><\/div><\/div>\n<style type=\"text\/css\" data-created_by=\"avia_inline_auto\" id=\"style-css-av-osnxm-c217d06162dd3853f8d2915985891b6a\">\n.avia-section.av-osnxm-c217d06162dd3853f8d2915985891b6a{\nbackground-color:#f7d8c6;\nbackground-image:unset;\n}\n<\/style>\n<div id='av_section_4'  class='avia-section av-osnxm-c217d06162dd3853f8d2915985891b6a main_color avia-section-default avia-no-border-styling  avia-builder-el-12  el_after_av_section  el_before_av_postcontent  article-annexes avia-bg-style-scroll container_wrap fullsize'  ><div class='container av-section-cont-open' ><div class='template-page content  av-content-full alpha units'><div class='post-entry post-entry-type-page post-entry-122094'><div class='entry-content-wrapper clearfix'>\n<div  class='flex_column av-kmsve-420cd8b9345b2ca4afc2dfe4a564b6d8 av_one_full  avia-builder-el-13  avia-builder-el-no-sibling  first flex_column_div  '     ><section  class='av_textblock_section av-1bclu-53c35101f63bc7c875ce51dd8305997b '   itemscope=\"itemscope\" itemtype=\"https:\/\/schema.org\/BlogPosting\" itemprop=\"blogPost\" ><div class='avia_textblock title-hn-content'  itemprop=\"text\" ><h2>Articles connexes<\/h2>\n<\/div><\/section><br \/>\n<div  data-slideshow-options=\"{&quot;animation&quot;:&quot;fade&quot;,&quot;autoplay&quot;:false,&quot;loop_autoplay&quot;:&quot;once&quot;,&quot;interval&quot;:&quot;5&quot;,&quot;loop_manual&quot;:&quot;manual-endless&quot;,&quot;autoplay_stopper&quot;:false,&quot;noNavigation&quot;:false,&quot;show_slide_delay&quot;:90}\" class='avia-content-slider avia-content-slider-active avia-content-slider1 avia-content-slider-odd  avia-builder-el-15  el_after_av_textblock  el_before_av_postslider  av-slideshow-ui av-control-default   av-no-slider-navigation av-slideshow-manual av-loop-once av-loop-manual-endless  av-medium-hide av-small-hide av-mini-hide'  itemscope=\"itemscope\" itemtype=\"https:\/\/schema.org\/Blog\" ><div class=\"avia-content-slider-inner\"><div class=\"slide-entry-wrap\"><article class='slide-entry flex_column  post-entry post-entry-129318 slide-entry-overview slide-loop-1 slide-parity-odd  av_one_third first real-thumbnail posttype-post post-format-standard'  itemscope=\"itemscope\" itemtype=\"https:\/\/schema.org\/BlogPosting\" itemprop=\"blogPost\" ><a href='https:\/\/www.noz.fr\/es\/noz-ouvre-ses-portes-a-beynost\/' data-rel='slide-1' class='slide-image' title='Ouverture de NOZ \u00e0 Beynost'><img decoding=\"async\" width=\"495\" height=\"400\" src=\"https:\/\/www.noz.fr\/uploads\/2026\/04\/equipe-1-495x400.jpg\" class=\"wp-image-130011 avia-img-lazy-loading-not-130011 attachment-portfolio size-portfolio wp-post-image\" alt=\"\u00e9quipe beynost\" \/><\/a><div class=\"slide-content\"><header class=\"entry-content-header\"><h3 class='slide-entry-title entry-title '  itemprop=\"headline\" ><a href='https:\/\/www.noz.fr\/es\/noz-ouvre-ses-portes-a-beynost\/' title='Ouverture de NOZ \u00e0 Beynost'>Ouverture de NOZ \u00e0 Beynost<\/a><\/h3><span class=\"av-vertical-delimiter\"><\/span><\/header><div class=\"slide-meta\"><time class='slide-meta-time updated'  itemprop=\"datePublished\" datetime=\"2026-04-21T11:24:02+02:00\" >21 abril 2026<\/time><span class='categsection'> Actualit\u00e9s <\/span><\/div><div class='slide-entry-excerpt entry-content'  itemprop=\"text\" >NOZ ouvre ses portes \u00e0 Beynost (01) !<\/div><\/div><footer class=\"entry-footer\"><\/footer><span class='hidden'>\r\n\t\t\t\t<span class='av-structured-data'  itemprop=\"image\" itemscope=\"itemscope\" itemtype=\"https:\/\/schema.org\/ImageObject\" >\r\n\t\t\t\t\t\t<span itemprop='url'>https:\/\/www.noz.fr\/uploads\/2026\/04\/equipe-1.jpg<\/span>\r\n\t\t\t\t\t\t<span itemprop='height'>450<\/span>\r\n\t\t\t\t\t\t<span itemprop='width'>800<\/span>\r\n\t\t\t\t<\/span>\r\n\t\t\t\t<span class='av-structured-data'  itemprop=\"publisher\" itemtype=\"https:\/\/schema.org\/Organization\" itemscope=\"itemscope\" >\r\n\t\t\t\t\t\t<span itemprop='name'>Romain Chevillon<\/span>\r\n\t\t\t\t\t\t<span itemprop='logo' itemscope itemtype='https:\/\/schema.org\/ImageObject'>\r\n\t\t\t\t\t\t\t<span itemprop='url'>https:\/\/www.noz.fr\/uploads\/2023\/06\/logo-noz.svg<\/span>\r\n\t\t\t\t\t\t<\/span>\r\n\t\t\t\t<\/span><span class='av-structured-data'  itemprop=\"author\" itemscope=\"itemscope\" itemtype=\"https:\/\/schema.org\/Person\" ><span itemprop='name'>Romain Chevillon<\/span><\/span><span class='av-structured-data'  itemprop=\"datePublished\" datetime=\"2026-02-19T16:41:07+01:00\" >2026-04-21 11:24:02<\/span><span class='av-structured-data'  itemprop=\"dateModified\" itemtype=\"https:\/\/schema.org\/dateModified\" >2026-04-21 11:24:04<\/span><span class='av-structured-data'  itemprop=\"mainEntityOfPage\" itemtype=\"https:\/\/schema.org\/mainEntityOfPage\" ><span itemprop='name'>Ouverture de NOZ \u00e0 Beynost<\/span><\/span><\/span><\/article><article class='slide-entry flex_column  post-entry post-entry-129320 slide-entry-overview slide-loop-2 slide-parity-even  av_one_third  real-thumbnail posttype-post post-format-standard'  itemscope=\"itemscope\" itemtype=\"https:\/\/schema.org\/BlogPosting\" itemprop=\"blogPost\" ><a href='https:\/\/www.noz.fr\/es\/ouverture-de-noz-a-gonfreville-lorcher\/' data-rel='slide-1' class='slide-image' title='NOZ r\u00e9ouvre ses portes \u00e0 Gonfreville-l\u2019Orcher'><img decoding=\"async\" width=\"495\" height=\"400\" src=\"https:\/\/www.noz.fr\/uploads\/2026\/04\/equipe-495x400.jpg\" class=\"wp-image-130006 avia-img-lazy-loading-not-130006 attachment-portfolio size-portfolio wp-post-image\" alt=\"\u00e9quipe gonfreville\" srcset=\"https:\/\/www.noz.fr\/uploads\/2026\/04\/equipe-495x400.jpg 495w, https:\/\/www.noz.fr\/uploads\/2026\/04\/equipe-16x12.jpg 16w\" sizes=\"(max-width: 495px) 100vw, 495px\" \/><\/a><div class=\"slide-content\"><header class=\"entry-content-header\"><h3 class='slide-entry-title entry-title '  itemprop=\"headline\" ><a href='https:\/\/www.noz.fr\/es\/ouverture-de-noz-a-gonfreville-lorcher\/' title='NOZ r\u00e9ouvre ses portes \u00e0 Gonfreville-l\u2019Orcher'>NOZ r\u00e9ouvre ses portes \u00e0 Gonfreville-l\u2019Orcher<\/a><\/h3><span class=\"av-vertical-delimiter\"><\/span><\/header><div class=\"slide-meta\"><time class='slide-meta-time updated'  itemprop=\"datePublished\" datetime=\"2026-04-21T11:20:05+02:00\" >21 abril 2026<\/time><span class='categsection'> Actualit\u00e9s <\/span><\/div><div class='slide-entry-excerpt entry-content'  itemprop=\"text\" >NOZ r\u00e9ouvre ses portes \u00e0 Gonfreville-l'Orcher (76) !<\/div><\/div><footer class=\"entry-footer\"><\/footer><span class='hidden'>\r\n\t\t\t\t<span class='av-structured-data'  itemprop=\"image\" itemscope=\"itemscope\" itemtype=\"https:\/\/schema.org\/ImageObject\" >\r\n\t\t\t\t\t\t<span itemprop='url'>https:\/\/www.noz.fr\/uploads\/2026\/04\/equipe.jpg<\/span>\r\n\t\t\t\t\t\t<span itemprop='height'>600<\/span>\r\n\t\t\t\t\t\t<span itemprop='width'>800<\/span>\r\n\t\t\t\t<\/span>\r\n\t\t\t\t<span class='av-structured-data'  itemprop=\"publisher\" itemtype=\"https:\/\/schema.org\/Organization\" itemscope=\"itemscope\" >\r\n\t\t\t\t\t\t<span itemprop='name'>Romain Chevillon<\/span>\r\n\t\t\t\t\t\t<span itemprop='logo' itemscope itemtype='https:\/\/schema.org\/ImageObject'>\r\n\t\t\t\t\t\t\t<span itemprop='url'>https:\/\/www.noz.fr\/uploads\/2023\/06\/logo-noz.svg<\/span>\r\n\t\t\t\t\t\t<\/span>\r\n\t\t\t\t<\/span><span class='av-structured-data'  itemprop=\"author\" itemscope=\"itemscope\" itemtype=\"https:\/\/schema.org\/Person\" ><span itemprop='name'>Romain Chevillon<\/span><\/span><span class='av-structured-data'  itemprop=\"datePublished\" datetime=\"2026-02-19T16:41:07+01:00\" >2026-04-21 11:20:05<\/span><span class='av-structured-data'  itemprop=\"dateModified\" itemtype=\"https:\/\/schema.org\/dateModified\" >2026-04-21 11:20:07<\/span><span class='av-structured-data'  itemprop=\"mainEntityOfPage\" itemtype=\"https:\/\/schema.org\/mainEntityOfPage\" ><span itemprop='name'>NOZ r\u00e9ouvre ses portes \u00e0 Gonfreville-l\u2019Orcher<\/span><\/span><\/span><\/article><article class='slide-entry flex_column  post-entry post-entry-129025 slide-entry-overview slide-loop-3 slide-parity-odd  av_one_third  real-thumbnail posttype-post post-format-standard'  itemscope=\"itemscope\" itemtype=\"https:\/\/schema.org\/BlogPosting\" itemprop=\"blogPost\" ><a href='https:\/\/www.noz.fr\/es\/noz-ouvre-ses-portes-a-wittenheim\/' data-rel='slide-1' class='slide-image' title='NOZ ouvre ses portes \u00e0 Wittenheim'><img decoding=\"async\" width=\"495\" height=\"400\" src=\"https:\/\/www.noz.fr\/uploads\/2026\/04\/image1-495x400.png\" class=\"wp-image-129030 avia-img-lazy-loading-not-129030 attachment-portfolio size-portfolio wp-post-image\" alt=\"Equipe NOZ Wittenheim\" srcset=\"https:\/\/www.noz.fr\/uploads\/2026\/04\/image1-495x400.png 495w, https:\/\/www.noz.fr\/uploads\/2026\/04\/image1-845x684.png 845w\" sizes=\"(max-width: 495px) 100vw, 495px\" \/><\/a><div class=\"slide-content\"><header class=\"entry-content-header\"><h3 class='slide-entry-title entry-title '  itemprop=\"headline\" ><a href='https:\/\/www.noz.fr\/es\/noz-ouvre-ses-portes-a-wittenheim\/' title='NOZ ouvre ses portes \u00e0 Wittenheim'>NOZ ouvre ses portes \u00e0 Wittenheim<\/a><\/h3><span class=\"av-vertical-delimiter\"><\/span><\/header><div class=\"slide-meta\"><time class='slide-meta-time updated'  itemprop=\"datePublished\" datetime=\"2026-04-14T11:19:02+02:00\" >14 abril 2026<\/time><span class='categsection'> Actualit\u00e9s <\/span><\/div><div class='slide-entry-excerpt entry-content'  itemprop=\"text\" >NOZ ouvre ses portes \u00e0 Wittenheim (68) !<\/div><\/div><footer class=\"entry-footer\"><\/footer><span class='hidden'>\r\n\t\t\t\t<span class='av-structured-data'  itemprop=\"image\" itemscope=\"itemscope\" itemtype=\"https:\/\/schema.org\/ImageObject\" >\r\n\t\t\t\t\t\t<span itemprop='url'>https:\/\/www.noz.fr\/uploads\/2026\/04\/image1.png<\/span>\r\n\t\t\t\t\t\t<span itemprop='height'>1200<\/span>\r\n\t\t\t\t\t\t<span itemprop='width'>1200<\/span>\r\n\t\t\t\t<\/span>\r\n\t\t\t\t<span class='av-structured-data'  itemprop=\"publisher\" itemtype=\"https:\/\/schema.org\/Organization\" itemscope=\"itemscope\" >\r\n\t\t\t\t\t\t<span itemprop='name'>Romain Chevillon<\/span>\r\n\t\t\t\t\t\t<span itemprop='logo' itemscope itemtype='https:\/\/schema.org\/ImageObject'>\r\n\t\t\t\t\t\t\t<span itemprop='url'>https:\/\/www.noz.fr\/uploads\/2023\/06\/logo-noz.svg<\/span>\r\n\t\t\t\t\t\t<\/span>\r\n\t\t\t\t<\/span><span class='av-structured-data'  itemprop=\"author\" itemscope=\"itemscope\" itemtype=\"https:\/\/schema.org\/Person\" ><span itemprop='name'>Romain Chevillon<\/span><\/span><span class='av-structured-data'  itemprop=\"datePublished\" datetime=\"2026-02-19T16:41:07+01:00\" >2026-04-14 11:19:02<\/span><span class='av-structured-data'  itemprop=\"dateModified\" itemtype=\"https:\/\/schema.org\/dateModified\" >2026-04-14 11:24:32<\/span><span class='av-structured-data'  itemprop=\"mainEntityOfPage\" itemtype=\"https:\/\/schema.org\/mainEntityOfPage\" ><span itemprop='name'>NOZ ouvre ses portes \u00e0 Wittenheim<\/span><\/span><\/span><\/article><\/div><div class=\"slide-entry-wrap\"><article class='slide-entry flex_column  post-entry post-entry-124444 slide-entry-overview slide-loop-4 slide-parity-odd  av_one_third first real-thumbnail posttype-post post-format-standard'  itemscope=\"itemscope\" itemtype=\"https:\/\/schema.org\/BlogPosting\" itemprop=\"blogPost\" ><a href='https:\/\/www.noz.fr\/es\/ouverture-exceptionnelle-de-vos-magasins-noz-le-6-avril\/' data-rel='slide-1' class='slide-image' title='Ouverture exceptionnelle de vos magasins NOZ le 6 avril !'><img decoding=\"async\" width=\"495\" height=\"400\" src=\"https:\/\/www.noz.fr\/uploads\/2026\/03\/Visuel-RS_Ouverture-exceptionnelle-495x400.jpg\" class=\"wp-image-124449 avia-img-lazy-loading-not-124449 attachment-portfolio size-portfolio wp-post-image\" alt=\"Ouverture de NOZ \u00e0 P\u00e2ques, le 6 avril.\" srcset=\"https:\/\/www.noz.fr\/uploads\/2026\/03\/Visuel-RS_Ouverture-exceptionnelle-495x400.jpg 495w, https:\/\/www.noz.fr\/uploads\/2026\/03\/Visuel-RS_Ouverture-exceptionnelle-845x684.jpg 845w\" sizes=\"(max-width: 495px) 100vw, 495px\" \/><\/a><div class=\"slide-content\"><header class=\"entry-content-header\"><h3 class='slide-entry-title entry-title '  itemprop=\"headline\" ><a href='https:\/\/www.noz.fr\/es\/ouverture-exceptionnelle-de-vos-magasins-noz-le-6-avril\/' title='Ouverture exceptionnelle de vos magasins NOZ le 6 avril !'>Ouverture exceptionnelle de vos magasins NOZ le 6 avril !<\/a><\/h3><span class=\"av-vertical-delimiter\"><\/span><\/header><div class=\"slide-meta\"><time class='slide-meta-time updated'  itemprop=\"datePublished\" datetime=\"2026-03-30T16:33:47+02:00\" >30 marzo 2026<\/time><span class='categsection'> Actualit\u00e9s <\/span><\/div><div class='slide-entry-excerpt entry-content'  itemprop=\"text\" >\u00c0 l\u2019occasion de P\u00e2ques, vos magasins NOZ ouvriront leurs portes le vendredi 6 avril. Venez faire de bonnes affaires chez NOZ le 6 avril !<\/div><\/div><footer class=\"entry-footer\"><\/footer><span class='hidden'>\r\n\t\t\t\t<span class='av-structured-data'  itemprop=\"image\" itemscope=\"itemscope\" itemtype=\"https:\/\/schema.org\/ImageObject\" >\r\n\t\t\t\t\t\t<span itemprop='url'>https:\/\/www.noz.fr\/uploads\/2026\/03\/Visuel-RS_Ouverture-exceptionnelle.jpg<\/span>\r\n\t\t\t\t\t\t<span itemprop='height'>1080<\/span>\r\n\t\t\t\t\t\t<span itemprop='width'>1080<\/span>\r\n\t\t\t\t<\/span>\r\n\t\t\t\t<span class='av-structured-data'  itemprop=\"publisher\" itemtype=\"https:\/\/schema.org\/Organization\" itemscope=\"itemscope\" >\r\n\t\t\t\t\t\t<span itemprop='name'>Romain Chevillon<\/span>\r\n\t\t\t\t\t\t<span itemprop='logo' itemscope itemtype='https:\/\/schema.org\/ImageObject'>\r\n\t\t\t\t\t\t\t<span itemprop='url'>https:\/\/www.noz.fr\/uploads\/2023\/06\/logo-noz.svg<\/span>\r\n\t\t\t\t\t\t<\/span>\r\n\t\t\t\t<\/span><span class='av-structured-data'  itemprop=\"author\" itemscope=\"itemscope\" itemtype=\"https:\/\/schema.org\/Person\" ><span itemprop='name'>Romain Chevillon<\/span><\/span><span class='av-structured-data'  itemprop=\"datePublished\" datetime=\"2026-02-19T16:41:07+01:00\" >2026-03-30 16:33:47<\/span><span class='av-structured-data'  itemprop=\"dateModified\" itemtype=\"https:\/\/schema.org\/dateModified\" >2026-04-02 17:26:48<\/span><span class='av-structured-data'  itemprop=\"mainEntityOfPage\" itemtype=\"https:\/\/schema.org\/mainEntityOfPage\" ><span itemprop='name'>Ouverture exceptionnelle de vos magasins NOZ le 6 avril !<\/span><\/span><\/span><\/article><article class='slide-entry flex_column  post-entry post-entry-123370 slide-entry-overview slide-loop-5 slide-parity-even  av_one_third  real-thumbnail posttype-post post-format-standard'  itemscope=\"itemscope\" itemtype=\"https:\/\/schema.org\/BlogPosting\" itemprop=\"blogPost\" ><a href='https:\/\/www.noz.fr\/es\/ouverture-de-noz-a-bordeaux-33\/' data-rel='slide-1' class='slide-image' title='Ouverture de NOZ \u00e0 Bordeaux (33)'><img decoding=\"async\" width=\"495\" height=\"400\" src=\"https:\/\/www.noz.fr\/uploads\/2026\/03\/1-495x400.png\" class=\"wp-image-123371 avia-img-lazy-loading-not-123371 attachment-portfolio size-portfolio wp-post-image\" alt=\"Photo \u00e9quipe NOZ Bordeaux (33)\" srcset=\"https:\/\/www.noz.fr\/uploads\/2026\/03\/1-495x400.png 495w, https:\/\/www.noz.fr\/uploads\/2026\/03\/1-845x684.png 845w\" sizes=\"(max-width: 495px) 100vw, 495px\" \/><\/a><div class=\"slide-content\"><header class=\"entry-content-header\"><h3 class='slide-entry-title entry-title '  itemprop=\"headline\" ><a href='https:\/\/www.noz.fr\/es\/ouverture-de-noz-a-bordeaux-33\/' title='Ouverture de NOZ \u00e0 Bordeaux (33)'>Ouverture de NOZ \u00e0 Bordeaux (33)<\/a><\/h3><span class=\"av-vertical-delimiter\"><\/span><\/header><div class=\"slide-meta\"><time class='slide-meta-time updated'  itemprop=\"datePublished\" datetime=\"2026-03-03T16:02:21+01:00\" >3 marzo 2026<\/time><span class='categsection'> Actualit\u00e9s <\/span><\/div><div class='slide-entry-excerpt entry-content'  itemprop=\"text\" >NOZ ouvre ses portes \u00e0 Bordeaux (33) !<\/div><\/div><footer class=\"entry-footer\"><\/footer><span class='hidden'>\r\n\t\t\t\t<span class='av-structured-data'  itemprop=\"image\" itemscope=\"itemscope\" itemtype=\"https:\/\/schema.org\/ImageObject\" >\r\n\t\t\t\t\t\t<span itemprop='url'>https:\/\/www.noz.fr\/uploads\/2026\/03\/1.png<\/span>\r\n\t\t\t\t\t\t<span itemprop='height'>1572<\/span>\r\n\t\t\t\t\t\t<span itemprop='width'>2951<\/span>\r\n\t\t\t\t<\/span>\r\n\t\t\t\t<span class='av-structured-data'  itemprop=\"publisher\" itemtype=\"https:\/\/schema.org\/Organization\" itemscope=\"itemscope\" >\r\n\t\t\t\t\t\t<span itemprop='name'>Romain Chevillon<\/span>\r\n\t\t\t\t\t\t<span itemprop='logo' itemscope itemtype='https:\/\/schema.org\/ImageObject'>\r\n\t\t\t\t\t\t\t<span itemprop='url'>https:\/\/www.noz.fr\/uploads\/2023\/06\/logo-noz.svg<\/span>\r\n\t\t\t\t\t\t<\/span>\r\n\t\t\t\t<\/span><span class='av-structured-data'  itemprop=\"author\" itemscope=\"itemscope\" itemtype=\"https:\/\/schema.org\/Person\" ><span itemprop='name'>Romain Chevillon<\/span><\/span><span class='av-structured-data'  itemprop=\"datePublished\" datetime=\"2026-02-19T16:41:07+01:00\" >2026-03-03 16:02:21<\/span><span class='av-structured-data'  itemprop=\"dateModified\" itemtype=\"https:\/\/schema.org\/dateModified\" >2026-03-03 16:02:23<\/span><span class='av-structured-data'  itemprop=\"mainEntityOfPage\" itemtype=\"https:\/\/schema.org\/mainEntityOfPage\" ><span itemprop='name'>Ouverture de NOZ \u00e0 Bordeaux (33)<\/span><\/span><\/span><\/article><article class='slide-entry flex_column  post-entry post-entry-122094 slide-entry-overview slide-loop-6 slide-parity-odd  av_one_third  real-thumbnail posttype-post post-format-standard'  itemscope=\"itemscope\" itemtype=\"https:\/\/schema.org\/BlogPosting\" itemprop=\"blogPost\" ><a href='https:\/\/www.noz.fr\/es\/vinyles-pop-culture-noz\/' data-rel='slide-1' class='slide-image' title='Arrivage de vinyles Pop Culture'><img decoding=\"async\" width=\"495\" height=\"400\" src=\"https:\/\/www.noz.fr\/uploads\/2026\/02\/post-fb-1-495x400.png\" class=\"wp-image-122115 avia-img-lazy-loading-not-122115 attachment-portfolio size-portfolio wp-post-image\" alt=\"Arrivage de vinyles chez NOZ\" srcset=\"https:\/\/www.noz.fr\/uploads\/2026\/02\/post-fb-1-495x400.png 495w, https:\/\/www.noz.fr\/uploads\/2026\/02\/post-fb-1-845x684.png 845w\" sizes=\"(max-width: 495px) 100vw, 495px\" \/><\/a><div class=\"slide-content\"><header class=\"entry-content-header\"><h3 class='slide-entry-title entry-title '  itemprop=\"headline\" ><a href='https:\/\/www.noz.fr\/es\/vinyles-pop-culture-noz\/' title='Arrivage de vinyles Pop Culture'>Arrivage de vinyles Pop Culture<\/a><\/h3><span class=\"av-vertical-delimiter\"><\/span><\/header><div class=\"slide-meta\"><time class='slide-meta-time updated'  itemprop=\"datePublished\" datetime=\"2026-02-19T16:41:07+01:00\" >19 febrero 2026<\/time><span class='categsection'> Actualit\u00e9s <\/span><\/div><div class='slide-entry-excerpt entry-content'  itemprop=\"text\" >Arrivage de vinyles chez NOZ<\/div><\/div><footer class=\"entry-footer\"><\/footer><span class='hidden'>\r\n\t\t\t\t<span class='av-structured-data'  itemprop=\"image\" itemscope=\"itemscope\" itemtype=\"https:\/\/schema.org\/ImageObject\" >\r\n\t\t\t\t\t\t<span itemprop='url'>https:\/\/www.noz.fr\/uploads\/2026\/02\/post-fb-1.png<\/span>\r\n\t\t\t\t\t\t<span itemprop='height'>1200<\/span>\r\n\t\t\t\t\t\t<span itemprop='width'>1200<\/span>\r\n\t\t\t\t<\/span>\r\n\t\t\t\t<span class='av-structured-data'  itemprop=\"publisher\" itemtype=\"https:\/\/schema.org\/Organization\" itemscope=\"itemscope\" >\r\n\t\t\t\t\t\t<span itemprop='name'>Romain Chevillon<\/span>\r\n\t\t\t\t\t\t<span itemprop='logo' itemscope itemtype='https:\/\/schema.org\/ImageObject'>\r\n\t\t\t\t\t\t\t<span itemprop='url'>https:\/\/www.noz.fr\/uploads\/2023\/06\/logo-noz.svg<\/span>\r\n\t\t\t\t\t\t<\/span>\r\n\t\t\t\t<\/span><span class='av-structured-data'  itemprop=\"author\" itemscope=\"itemscope\" itemtype=\"https:\/\/schema.org\/Person\" ><span itemprop='name'>Romain Chevillon<\/span><\/span><span class='av-structured-data'  itemprop=\"datePublished\" datetime=\"2026-02-19T16:41:07+01:00\" >2026-02-19 16:41:07<\/span><span class='av-structured-data'  itemprop=\"dateModified\" itemtype=\"https:\/\/schema.org\/dateModified\" >2026-02-19 17:06:12<\/span><span class='av-structured-data'  itemprop=\"mainEntityOfPage\" itemtype=\"https:\/\/schema.org\/mainEntityOfPage\" ><span itemprop='name'>Arrivage de vinyles Pop Culture<\/span><\/span><\/span><\/article><\/div><div class=\"slide-entry-wrap\"><article class='slide-entry flex_column  post-entry post-entry-114422 slide-entry-overview slide-loop-7 slide-parity-odd  av_one_third first real-thumbnail posttype-post post-format-standard'  itemscope=\"itemscope\" itemtype=\"https:\/\/schema.org\/BlogPosting\" itemprop=\"blogPost\" ><a href='https:\/\/www.noz.fr\/es\/noz-ouverture-evreux-27\/' data-rel='slide-1' class='slide-image' title='NOZ ouvre \u00e0 Evreux (27)'><img decoding=\"async\" width=\"495\" height=\"400\" src=\"https:\/\/www.noz.fr\/uploads\/2025\/12\/evreux3-495x400.jpg\" class=\"wp-image-114433 avia-img-lazy-loading-not-114433 attachment-portfolio size-portfolio wp-post-image\" alt=\"Ouverture de NOZ \u00e0 Evreux (27)\" \/><\/a><div class=\"slide-content\"><header class=\"entry-content-header\"><h3 class='slide-entry-title entry-title '  itemprop=\"headline\" ><a href='https:\/\/www.noz.fr\/es\/noz-ouverture-evreux-27\/' title='NOZ ouvre \u00e0 Evreux (27)'>NOZ ouvre \u00e0 Evreux (27)<\/a><\/h3><span class=\"av-vertical-delimiter\"><\/span><\/header><div class=\"slide-meta\"><time class='slide-meta-time updated'  itemprop=\"datePublished\" datetime=\"2025-12-19T14:21:02+01:00\" >19 diciembre 2025<\/time><span class='categsection'> Actualit\u00e9s <\/span><\/div><div class='slide-entry-excerpt entry-content'  itemprop=\"text\" >NOZ ouvre ses portes \u00e0 Evreux !<\/div><\/div><footer class=\"entry-footer\"><\/footer><span class='hidden'>\r\n\t\t\t\t<span class='av-structured-data'  itemprop=\"image\" itemscope=\"itemscope\" itemtype=\"https:\/\/schema.org\/ImageObject\" >\r\n\t\t\t\t\t\t<span itemprop='url'>https:\/\/www.noz.fr\/uploads\/2025\/12\/evreux3.jpg<\/span>\r\n\t\t\t\t\t\t<span itemprop='height'>404<\/span>\r\n\t\t\t\t\t\t<span itemprop='width'>718<\/span>\r\n\t\t\t\t<\/span>\r\n\t\t\t\t<span class='av-structured-data'  itemprop=\"publisher\" itemtype=\"https:\/\/schema.org\/Organization\" itemscope=\"itemscope\" >\r\n\t\t\t\t\t\t<span itemprop='name'>Romain Chevillon<\/span>\r\n\t\t\t\t\t\t<span itemprop='logo' itemscope itemtype='https:\/\/schema.org\/ImageObject'>\r\n\t\t\t\t\t\t\t<span itemprop='url'>https:\/\/www.noz.fr\/uploads\/2023\/06\/logo-noz.svg<\/span>\r\n\t\t\t\t\t\t<\/span>\r\n\t\t\t\t<\/span><span class='av-structured-data'  itemprop=\"author\" itemscope=\"itemscope\" itemtype=\"https:\/\/schema.org\/Person\" ><span itemprop='name'>Romain Chevillon<\/span><\/span><span class='av-structured-data'  itemprop=\"datePublished\" datetime=\"2026-02-19T16:41:07+01:00\" >2025-12-19 14:21:02<\/span><span class='av-structured-data'  itemprop=\"dateModified\" itemtype=\"https:\/\/schema.org\/dateModified\" >2025-12-19 14:21:05<\/span><span class='av-structured-data'  itemprop=\"mainEntityOfPage\" itemtype=\"https:\/\/schema.org\/mainEntityOfPage\" ><span itemprop='name'>NOZ ouvre \u00e0 Evreux (27)<\/span><\/span><\/span><\/article><article class='slide-entry flex_column  post-entry post-entry-112654 slide-entry-overview slide-loop-8 slide-parity-even  av_one_third  real-thumbnail posttype-post post-format-standard'  itemscope=\"itemscope\" itemtype=\"https:\/\/schema.org\/BlogPosting\" itemprop=\"blogPost\" ><a href='https:\/\/www.noz.fr\/es\/ouverture-de-noz-a-artigues-pres-bordeaux-33\/' data-rel='slide-1' class='slide-image' title='NOZ ouvre \u00e0 Artigues-pr\u00e8s-Bordeaux (33)'><img decoding=\"async\" width=\"495\" height=\"400\" src=\"https:\/\/www.noz.fr\/uploads\/2025\/12\/artigues1-495x400.jpg\" class=\"wp-image-112655 avia-img-lazy-loading-not-112655 attachment-portfolio size-portfolio wp-post-image\" alt=\"Equipe de NOZ Artigues-pr\u00e8s-Bordeaux.\" \/><\/a><div class=\"slide-content\"><header class=\"entry-content-header\"><h3 class='slide-entry-title entry-title '  itemprop=\"headline\" ><a href='https:\/\/www.noz.fr\/es\/ouverture-de-noz-a-artigues-pres-bordeaux-33\/' title='NOZ ouvre \u00e0 Artigues-pr\u00e8s-Bordeaux (33)'>NOZ ouvre \u00e0 Artigues-pr\u00e8s-Bordeaux (33)<\/a><\/h3><span class=\"av-vertical-delimiter\"><\/span><\/header><div class=\"slide-meta\"><time class='slide-meta-time updated'  itemprop=\"datePublished\" datetime=\"2025-12-04T09:53:53+01:00\" >4 diciembre 2025<\/time><span class='categsection'> Actualit\u00e9s <\/span><\/div><div class='slide-entry-excerpt entry-content'  itemprop=\"text\" >NOZ ouvre ses portes \u00e0 Artigues-pr\u00e8s-Bordeaux !<\/div><\/div><footer class=\"entry-footer\"><\/footer><span class='hidden'>\r\n\t\t\t\t<span class='av-structured-data'  itemprop=\"image\" itemscope=\"itemscope\" itemtype=\"https:\/\/schema.org\/ImageObject\" >\r\n\t\t\t\t\t\t<span itemprop='url'>https:\/\/www.noz.fr\/uploads\/2025\/12\/artigues1.jpg<\/span>\r\n\t\t\t\t\t\t<span itemprop='height'>600<\/span>\r\n\t\t\t\t\t\t<span itemprop='width'>561<\/span>\r\n\t\t\t\t<\/span>\r\n\t\t\t\t<span class='av-structured-data'  itemprop=\"publisher\" itemtype=\"https:\/\/schema.org\/Organization\" itemscope=\"itemscope\" >\r\n\t\t\t\t\t\t<span itemprop='name'>Romain Chevillon<\/span>\r\n\t\t\t\t\t\t<span itemprop='logo' itemscope itemtype='https:\/\/schema.org\/ImageObject'>\r\n\t\t\t\t\t\t\t<span itemprop='url'>https:\/\/www.noz.fr\/uploads\/2023\/06\/logo-noz.svg<\/span>\r\n\t\t\t\t\t\t<\/span>\r\n\t\t\t\t<\/span><span class='av-structured-data'  itemprop=\"author\" itemscope=\"itemscope\" itemtype=\"https:\/\/schema.org\/Person\" ><span itemprop='name'>Romain Chevillon<\/span><\/span><span class='av-structured-data'  itemprop=\"datePublished\" datetime=\"2026-02-19T16:41:07+01:00\" >2025-12-04 09:53:53<\/span><span class='av-structured-data'  itemprop=\"dateModified\" itemtype=\"https:\/\/schema.org\/dateModified\" >2025-12-04 09:53:55<\/span><span class='av-structured-data'  itemprop=\"mainEntityOfPage\" itemtype=\"https:\/\/schema.org\/mainEntityOfPage\" ><span itemprop='name'>NOZ ouvre \u00e0 Artigues-pr\u00e8s-Bordeaux (33)<\/span><\/span><\/span><\/article><article class='slide-entry flex_column  post-entry post-entry-106810 slide-entry-overview slide-loop-9 slide-parity-odd  post-entry-last  av_one_third  real-thumbnail posttype-post post-format-standard'  itemscope=\"itemscope\" itemtype=\"https:\/\/schema.org\/BlogPosting\" itemprop=\"blogPost\" ><a href='https:\/\/www.noz.fr\/es\/ouverture-noz-saint-meen-le-grand-35\/' data-rel='slide-1' class='slide-image' title='Ouverture de NOZ \u00e0 Saint-M\u00e9en-le-Grand (35)'><img decoding=\"async\" width=\"495\" height=\"360\" src=\"https:\/\/www.noz.fr\/uploads\/2025\/11\/equipe-noz-saint-meen-le-grand-495x360.jpg\" class=\"wp-image-109336 avia-img-lazy-loading-not-109336 attachment-portfolio size-portfolio wp-post-image\" alt=\"Equipe NOZ de Saint-M\u00e9en-le-Grand\" \/><\/a><div class=\"slide-content\"><header class=\"entry-content-header\"><h3 class='slide-entry-title entry-title '  itemprop=\"headline\" ><a href='https:\/\/www.noz.fr\/es\/ouverture-noz-saint-meen-le-grand-35\/' title='Ouverture de NOZ \u00e0 Saint-M\u00e9en-le-Grand (35)'>Ouverture de NOZ \u00e0 Saint-M\u00e9en-le-Grand (35)<\/a><\/h3><span class=\"av-vertical-delimiter\"><\/span><\/header><div class=\"slide-meta\"><time class='slide-meta-time updated'  itemprop=\"datePublished\" datetime=\"2025-11-12T10:07:04+01:00\" >12 noviembre 2025<\/time><span class='categsection'> Actualit\u00e9s <\/span><\/div><div class='slide-entry-excerpt entry-content'  itemprop=\"text\" >NOZ ouvre ses portes \u00e0 Saint-M\u00e9en-le-Grand (35) !<\/div><\/div><footer class=\"entry-footer\"><\/footer><span class='hidden'>\r\n\t\t\t\t<span class='av-structured-data'  itemprop=\"image\" itemscope=\"itemscope\" itemtype=\"https:\/\/schema.org\/ImageObject\" >\r\n\t\t\t\t\t\t<span itemprop='url'>https:\/\/www.noz.fr\/uploads\/2025\/11\/equipe-noz-saint-meen-le-grand.jpg<\/span>\r\n\t\t\t\t\t\t<span itemprop='height'>360<\/span>\r\n\t\t\t\t\t\t<span itemprop='width'>640<\/span>\r\n\t\t\t\t<\/span>\r\n\t\t\t\t<span class='av-structured-data'  itemprop=\"publisher\" itemtype=\"https:\/\/schema.org\/Organization\" itemscope=\"itemscope\" >\r\n\t\t\t\t\t\t<span itemprop='name'>Romain Chevillon<\/span>\r\n\t\t\t\t\t\t<span itemprop='logo' itemscope itemtype='https:\/\/schema.org\/ImageObject'>\r\n\t\t\t\t\t\t\t<span itemprop='url'>https:\/\/www.noz.fr\/uploads\/2023\/06\/logo-noz.svg<\/span>\r\n\t\t\t\t\t\t<\/span>\r\n\t\t\t\t<\/span><span class='av-structured-data'  itemprop=\"author\" itemscope=\"itemscope\" itemtype=\"https:\/\/schema.org\/Person\" ><span itemprop='name'>Romain Chevillon<\/span><\/span><span class='av-structured-data'  itemprop=\"datePublished\" datetime=\"2026-02-19T16:41:07+01:00\" >2025-11-12 10:07:04<\/span><span class='av-structured-data'  itemprop=\"dateModified\" itemtype=\"https:\/\/schema.org\/dateModified\" >2025-11-12 10:37:54<\/span><span class='av-structured-data'  itemprop=\"mainEntityOfPage\" itemtype=\"https:\/\/schema.org\/mainEntityOfPage\" ><span itemprop='name'>Ouverture de NOZ \u00e0 Saint-M\u00e9en-le-Grand (35)<\/span><\/span><\/span><\/article><\/div><\/div><div class='avia-slideshow-arrows avia-slideshow-controls' ><a href='#prev' class='prev-slide ' aria-hidden='true' data-av_icon='\ue87c' data-av_iconfont='entypo-fontello'  tabindex='-1'>Anterior<\/a><a href='#next' class='next-slide ' aria-hidden='true' data-av_icon='\ue87d' data-av_iconfont='entypo-fontello'  tabindex='-1'>Posterior<\/a><\/div><\/div><br \/>\n<div  data-slideshow-options=\"{&quot;animation&quot;:&quot;fade&quot;,&quot;autoplay&quot;:false,&quot;loop_autoplay&quot;:&quot;once&quot;,&quot;interval&quot;:&quot;5&quot;,&quot;loop_manual&quot;:&quot;manual-endless&quot;,&quot;autoplay_stopper&quot;:false,&quot;noNavigation&quot;:false,&quot;show_slide_delay&quot;:90}\" class='avia-content-slider avia-content-slider-active avia-content-slider2 avia-content-slider-odd  avia-builder-el-16  el_after_av_postslider  avia-builder-el-last  av-slideshow-ui av-control-default   av-no-slider-navigation av-slideshow-manual av-loop-once av-loop-manual-endless  av-desktop-hide'  itemscope=\"itemscope\" itemtype=\"https:\/\/schema.org\/Blog\" ><div class=\"avia-content-slider-inner\"><div class=\"slide-entry-wrap\"><article class='slide-entry flex_column  post-entry post-entry-129318 slide-entry-overview slide-loop-1 slide-parity-odd  av_fullwidth first real-thumbnail posttype-post post-format-standard'  itemscope=\"itemscope\" itemtype=\"https:\/\/schema.org\/BlogPosting\" itemprop=\"blogPost\" ><a href='https:\/\/www.noz.fr\/es\/noz-ouvre-ses-portes-a-beynost\/' data-rel='slide-2' class='slide-image' title='Ouverture de NOZ \u00e0 Beynost'><img decoding=\"async\" width=\"800\" height=\"450\" src=\"https:\/\/www.noz.fr\/uploads\/2026\/04\/equipe-1.jpg\" class=\"wp-image-130011 avia-img-lazy-loading-not-130011 attachment-large size-large wp-post-image\" alt=\"\u00e9quipe beynost\" srcset=\"https:\/\/www.noz.fr\/uploads\/2026\/04\/equipe-1.jpg 800w, https:\/\/www.noz.fr\/uploads\/2026\/04\/equipe-1-300x169.jpg 300w, https:\/\/www.noz.fr\/uploads\/2026\/04\/equipe-1-768x432.jpg 768w, https:\/\/www.noz.fr\/uploads\/2026\/04\/equipe-1-18x10.jpg 18w, https:\/\/www.noz.fr\/uploads\/2026\/04\/equipe-1-705x397.jpg 705w, https:\/\/www.noz.fr\/uploads\/2026\/04\/equipe-1-450x253.jpg 450w, https:\/\/www.noz.fr\/uploads\/2026\/04\/equipe-1-31x17.jpg 31w, https:\/\/www.noz.fr\/uploads\/2026\/04\/equipe-1-600x338.jpg 600w\" sizes=\"(max-width: 800px) 100vw, 800px\" \/><\/a><div class=\"slide-content\"><header class=\"entry-content-header\"><h3 class='slide-entry-title entry-title '  itemprop=\"headline\" ><a href='https:\/\/www.noz.fr\/es\/noz-ouvre-ses-portes-a-beynost\/' title='Ouverture de NOZ \u00e0 Beynost'>Ouverture de NOZ \u00e0 Beynost<\/a><\/h3><span class=\"av-vertical-delimiter\"><\/span><\/header><div class=\"slide-meta\"><time class='slide-meta-time updated'  itemprop=\"datePublished\" datetime=\"2026-04-21T11:24:02+02:00\" >21 abril 2026<\/time><span class='categsection'> Actualit\u00e9s <\/span><\/div><div class='slide-entry-excerpt entry-content'  itemprop=\"text\" >NOZ ouvre ses portes \u00e0 Beynost (01) !<\/div><\/div><footer class=\"entry-footer\"><\/footer><span class='hidden'>\r\n\t\t\t\t<span class='av-structured-data'  itemprop=\"image\" itemscope=\"itemscope\" itemtype=\"https:\/\/schema.org\/ImageObject\" >\r\n\t\t\t\t\t\t<span itemprop='url'>https:\/\/www.noz.fr\/uploads\/2026\/04\/equipe-1.jpg<\/span>\r\n\t\t\t\t\t\t<span itemprop='height'>450<\/span>\r\n\t\t\t\t\t\t<span itemprop='width'>800<\/span>\r\n\t\t\t\t<\/span>\r\n\t\t\t\t<span class='av-structured-data'  itemprop=\"publisher\" itemtype=\"https:\/\/schema.org\/Organization\" itemscope=\"itemscope\" >\r\n\t\t\t\t\t\t<span itemprop='name'>Romain Chevillon<\/span>\r\n\t\t\t\t\t\t<span itemprop='logo' itemscope itemtype='https:\/\/schema.org\/ImageObject'>\r\n\t\t\t\t\t\t\t<span itemprop='url'>https:\/\/www.noz.fr\/uploads\/2023\/06\/logo-noz.svg<\/span>\r\n\t\t\t\t\t\t<\/span>\r\n\t\t\t\t<\/span><span class='av-structured-data'  itemprop=\"author\" itemscope=\"itemscope\" itemtype=\"https:\/\/schema.org\/Person\" ><span itemprop='name'>Romain Chevillon<\/span><\/span><span class='av-structured-data'  itemprop=\"datePublished\" datetime=\"2026-02-19T16:41:07+01:00\" >2026-04-21 11:24:02<\/span><span class='av-structured-data'  itemprop=\"dateModified\" itemtype=\"https:\/\/schema.org\/dateModified\" >2026-04-21 11:24:04<\/span><span class='av-structured-data'  itemprop=\"mainEntityOfPage\" itemtype=\"https:\/\/schema.org\/mainEntityOfPage\" ><span itemprop='name'>Ouverture de NOZ \u00e0 Beynost<\/span><\/span><\/span><\/article><\/div><div class=\"slide-entry-wrap\"><article class='slide-entry flex_column  post-entry post-entry-129320 slide-entry-overview slide-loop-2 slide-parity-odd  av_fullwidth first real-thumbnail posttype-post post-format-standard'  itemscope=\"itemscope\" itemtype=\"https:\/\/schema.org\/BlogPosting\" itemprop=\"blogPost\" ><a href='https:\/\/www.noz.fr\/es\/ouverture-de-noz-a-gonfreville-lorcher\/' data-rel='slide-2' class='slide-image' title='NOZ r\u00e9ouvre ses portes \u00e0 Gonfreville-l\u2019Orcher'><img decoding=\"async\" width=\"800\" height=\"600\" src=\"https:\/\/www.noz.fr\/uploads\/2026\/04\/equipe.jpg\" class=\"wp-image-130006 avia-img-lazy-loading-not-130006 attachment-large size-large wp-post-image\" alt=\"\u00e9quipe gonfreville\" srcset=\"https:\/\/www.noz.fr\/uploads\/2026\/04\/equipe.jpg 800w, https:\/\/www.noz.fr\/uploads\/2026\/04\/equipe-300x225.jpg 300w, https:\/\/www.noz.fr\/uploads\/2026\/04\/equipe-768x576.jpg 768w, https:\/\/www.noz.fr\/uploads\/2026\/04\/equipe-16x12.jpg 16w, https:\/\/www.noz.fr\/uploads\/2026\/04\/equipe-705x529.jpg 705w, https:\/\/www.noz.fr\/uploads\/2026\/04\/equipe-450x338.jpg 450w, https:\/\/www.noz.fr\/uploads\/2026\/04\/equipe-31x23.jpg 31w, https:\/\/www.noz.fr\/uploads\/2026\/04\/equipe-600x450.jpg 600w\" sizes=\"(max-width: 800px) 100vw, 800px\" \/><\/a><div class=\"slide-content\"><header class=\"entry-content-header\"><h3 class='slide-entry-title entry-title '  itemprop=\"headline\" ><a href='https:\/\/www.noz.fr\/es\/ouverture-de-noz-a-gonfreville-lorcher\/' title='NOZ r\u00e9ouvre ses portes \u00e0 Gonfreville-l\u2019Orcher'>NOZ r\u00e9ouvre ses portes \u00e0 Gonfreville-l\u2019Orcher<\/a><\/h3><span class=\"av-vertical-delimiter\"><\/span><\/header><div class=\"slide-meta\"><time class='slide-meta-time updated'  itemprop=\"datePublished\" datetime=\"2026-04-21T11:20:05+02:00\" >21 abril 2026<\/time><span class='categsection'> Actualit\u00e9s <\/span><\/div><div class='slide-entry-excerpt entry-content'  itemprop=\"text\" >NOZ r\u00e9ouvre ses portes \u00e0 Gonfreville-l'Orcher (76) !<\/div><\/div><footer class=\"entry-footer\"><\/footer><span class='hidden'>\r\n\t\t\t\t<span class='av-structured-data'  itemprop=\"image\" itemscope=\"itemscope\" itemtype=\"https:\/\/schema.org\/ImageObject\" >\r\n\t\t\t\t\t\t<span itemprop='url'>https:\/\/www.noz.fr\/uploads\/2026\/04\/equipe.jpg<\/span>\r\n\t\t\t\t\t\t<span itemprop='height'>600<\/span>\r\n\t\t\t\t\t\t<span itemprop='width'>800<\/span>\r\n\t\t\t\t<\/span>\r\n\t\t\t\t<span class='av-structured-data'  itemprop=\"publisher\" itemtype=\"https:\/\/schema.org\/Organization\" itemscope=\"itemscope\" >\r\n\t\t\t\t\t\t<span itemprop='name'>Romain Chevillon<\/span>\r\n\t\t\t\t\t\t<span itemprop='logo' itemscope itemtype='https:\/\/schema.org\/ImageObject'>\r\n\t\t\t\t\t\t\t<span itemprop='url'>https:\/\/www.noz.fr\/uploads\/2023\/06\/logo-noz.svg<\/span>\r\n\t\t\t\t\t\t<\/span>\r\n\t\t\t\t<\/span><span class='av-structured-data'  itemprop=\"author\" itemscope=\"itemscope\" itemtype=\"https:\/\/schema.org\/Person\" ><span itemprop='name'>Romain Chevillon<\/span><\/span><span class='av-structured-data'  itemprop=\"datePublished\" datetime=\"2026-02-19T16:41:07+01:00\" >2026-04-21 11:20:05<\/span><span class='av-structured-data'  itemprop=\"dateModified\" itemtype=\"https:\/\/schema.org\/dateModified\" >2026-04-21 11:20:07<\/span><span class='av-structured-data'  itemprop=\"mainEntityOfPage\" itemtype=\"https:\/\/schema.org\/mainEntityOfPage\" ><span itemprop='name'>NOZ r\u00e9ouvre ses portes \u00e0 Gonfreville-l\u2019Orcher<\/span><\/span><\/span><\/article><\/div><div class=\"slide-entry-wrap\"><article class='slide-entry flex_column  post-entry post-entry-129025 slide-entry-overview slide-loop-3 slide-parity-odd  av_fullwidth first real-thumbnail posttype-post post-format-standard'  itemscope=\"itemscope\" itemtype=\"https:\/\/schema.org\/BlogPosting\" itemprop=\"blogPost\" ><a href='https:\/\/www.noz.fr\/es\/noz-ouvre-ses-portes-a-wittenheim\/' data-rel='slide-2' class='slide-image' title='NOZ ouvre ses portes \u00e0 Wittenheim'><img decoding=\"async\" width=\"1030\" height=\"1030\" src=\"https:\/\/www.noz.fr\/uploads\/2026\/04\/image1-1030x1030.png\" class=\"wp-image-129030 avia-img-lazy-loading-not-129030 attachment-large size-large wp-post-image\" alt=\"Equipe NOZ Wittenheim\" srcset=\"https:\/\/www.noz.fr\/uploads\/2026\/04\/image1-1030x1030.png 1030w, https:\/\/www.noz.fr\/uploads\/2026\/04\/image1-300x300.png 300w, https:\/\/www.noz.fr\/uploads\/2026\/04\/image1-80x80.png 80w, https:\/\/www.noz.fr\/uploads\/2026\/04\/image1-768x768.png 768w, https:\/\/www.noz.fr\/uploads\/2026\/04\/image1-12x12.png 12w, https:\/\/www.noz.fr\/uploads\/2026\/04\/image1-36x36.png 36w, https:\/\/www.noz.fr\/uploads\/2026\/04\/image1-180x180.png 180w, https:\/\/www.noz.fr\/uploads\/2026\/04\/image1-705x705.png 705w, https:\/\/www.noz.fr\/uploads\/2026\/04\/image1-120x120.png 120w, https:\/\/www.noz.fr\/uploads\/2026\/04\/image1-450x450.png 450w, https:\/\/www.noz.fr\/uploads\/2026\/04\/image1-27x27.png 27w, https:\/\/www.noz.fr\/uploads\/2026\/04\/image1-600x600.png 600w, https:\/\/www.noz.fr\/uploads\/2026\/04\/image1-100x100.png 100w, https:\/\/www.noz.fr\/uploads\/2026\/04\/image1.png 1200w\" sizes=\"(max-width: 1030px) 100vw, 1030px\" \/><\/a><div class=\"slide-content\"><header class=\"entry-content-header\"><h3 class='slide-entry-title entry-title '  itemprop=\"headline\" ><a href='https:\/\/www.noz.fr\/es\/noz-ouvre-ses-portes-a-wittenheim\/' title='NOZ ouvre ses portes \u00e0 Wittenheim'>NOZ ouvre ses portes \u00e0 Wittenheim<\/a><\/h3><span class=\"av-vertical-delimiter\"><\/span><\/header><div class=\"slide-meta\"><time class='slide-meta-time updated'  itemprop=\"datePublished\" datetime=\"2026-04-14T11:19:02+02:00\" >14 abril 2026<\/time><span class='categsection'> Actualit\u00e9s <\/span><\/div><div class='slide-entry-excerpt entry-content'  itemprop=\"text\" >NOZ ouvre ses portes \u00e0 Wittenheim (68) !<\/div><\/div><footer class=\"entry-footer\"><\/footer><span class='hidden'>\r\n\t\t\t\t<span class='av-structured-data'  itemprop=\"image\" itemscope=\"itemscope\" itemtype=\"https:\/\/schema.org\/ImageObject\" >\r\n\t\t\t\t\t\t<span itemprop='url'>https:\/\/www.noz.fr\/uploads\/2026\/04\/image1.png<\/span>\r\n\t\t\t\t\t\t<span itemprop='height'>1200<\/span>\r\n\t\t\t\t\t\t<span itemprop='width'>1200<\/span>\r\n\t\t\t\t<\/span>\r\n\t\t\t\t<span class='av-structured-data'  itemprop=\"publisher\" itemtype=\"https:\/\/schema.org\/Organization\" itemscope=\"itemscope\" >\r\n\t\t\t\t\t\t<span itemprop='name'>Romain Chevillon<\/span>\r\n\t\t\t\t\t\t<span itemprop='logo' itemscope itemtype='https:\/\/schema.org\/ImageObject'>\r\n\t\t\t\t\t\t\t<span itemprop='url'>https:\/\/www.noz.fr\/uploads\/2023\/06\/logo-noz.svg<\/span>\r\n\t\t\t\t\t\t<\/span>\r\n\t\t\t\t<\/span><span class='av-structured-data'  itemprop=\"author\" itemscope=\"itemscope\" itemtype=\"https:\/\/schema.org\/Person\" ><span itemprop='name'>Romain Chevillon<\/span><\/span><span class='av-structured-data'  itemprop=\"datePublished\" datetime=\"2026-02-19T16:41:07+01:00\" >2026-04-14 11:19:02<\/span><span class='av-structured-data'  itemprop=\"dateModified\" itemtype=\"https:\/\/schema.org\/dateModified\" >2026-04-14 11:24:32<\/span><span class='av-structured-data'  itemprop=\"mainEntityOfPage\" itemtype=\"https:\/\/schema.org\/mainEntityOfPage\" ><span itemprop='name'>NOZ ouvre ses portes \u00e0 Wittenheim<\/span><\/span><\/span><\/article><\/div><div class=\"slide-entry-wrap\"><article class='slide-entry flex_column  post-entry post-entry-124444 slide-entry-overview slide-loop-4 slide-parity-odd  av_fullwidth first real-thumbnail posttype-post post-format-standard'  itemscope=\"itemscope\" itemtype=\"https:\/\/schema.org\/BlogPosting\" itemprop=\"blogPost\" ><a href='https:\/\/www.noz.fr\/es\/ouverture-exceptionnelle-de-vos-magasins-noz-le-6-avril\/' data-rel='slide-2' class='slide-image' title='Ouverture exceptionnelle de vos magasins NOZ le 6 avril !'><img decoding=\"async\" width=\"1030\" height=\"1030\" src=\"https:\/\/www.noz.fr\/uploads\/2026\/03\/Visuel-RS_Ouverture-exceptionnelle-1030x1030.jpg\" class=\"wp-image-124449 avia-img-lazy-loading-not-124449 attachment-large size-large wp-post-image\" alt=\"Ouverture de NOZ \u00e0 P\u00e2ques, le 6 avril.\" srcset=\"https:\/\/www.noz.fr\/uploads\/2026\/03\/Visuel-RS_Ouverture-exceptionnelle-1030x1030.jpg 1030w, https:\/\/www.noz.fr\/uploads\/2026\/03\/Visuel-RS_Ouverture-exceptionnelle-300x300.jpg 300w, https:\/\/www.noz.fr\/uploads\/2026\/03\/Visuel-RS_Ouverture-exceptionnelle-80x80.jpg 80w, https:\/\/www.noz.fr\/uploads\/2026\/03\/Visuel-RS_Ouverture-exceptionnelle-768x768.jpg 768w, https:\/\/www.noz.fr\/uploads\/2026\/03\/Visuel-RS_Ouverture-exceptionnelle-12x12.jpg 12w, https:\/\/www.noz.fr\/uploads\/2026\/03\/Visuel-RS_Ouverture-exceptionnelle-36x36.jpg 36w, https:\/\/www.noz.fr\/uploads\/2026\/03\/Visuel-RS_Ouverture-exceptionnelle-180x180.jpg 180w, https:\/\/www.noz.fr\/uploads\/2026\/03\/Visuel-RS_Ouverture-exceptionnelle-705x705.jpg 705w, https:\/\/www.noz.fr\/uploads\/2026\/03\/Visuel-RS_Ouverture-exceptionnelle-120x120.jpg 120w, https:\/\/www.noz.fr\/uploads\/2026\/03\/Visuel-RS_Ouverture-exceptionnelle-450x450.jpg 450w, https:\/\/www.noz.fr\/uploads\/2026\/03\/Visuel-RS_Ouverture-exceptionnelle-27x27.jpg 27w, https:\/\/www.noz.fr\/uploads\/2026\/03\/Visuel-RS_Ouverture-exceptionnelle-600x600.jpg 600w, https:\/\/www.noz.fr\/uploads\/2026\/03\/Visuel-RS_Ouverture-exceptionnelle-100x100.jpg 100w, https:\/\/www.noz.fr\/uploads\/2026\/03\/Visuel-RS_Ouverture-exceptionnelle.jpg 1080w\" sizes=\"(max-width: 1030px) 100vw, 1030px\" \/><\/a><div class=\"slide-content\"><header class=\"entry-content-header\"><h3 class='slide-entry-title entry-title '  itemprop=\"headline\" ><a href='https:\/\/www.noz.fr\/es\/ouverture-exceptionnelle-de-vos-magasins-noz-le-6-avril\/' title='Ouverture exceptionnelle de vos magasins NOZ le 6 avril !'>Ouverture exceptionnelle de vos magasins NOZ le 6 avril !<\/a><\/h3><span class=\"av-vertical-delimiter\"><\/span><\/header><div class=\"slide-meta\"><time class='slide-meta-time updated'  itemprop=\"datePublished\" datetime=\"2026-03-30T16:33:47+02:00\" >30 marzo 2026<\/time><span class='categsection'> Actualit\u00e9s <\/span><\/div><div class='slide-entry-excerpt entry-content'  itemprop=\"text\" >\u00c0 l\u2019occasion de P\u00e2ques, vos magasins NOZ ouvriront leurs portes le vendredi 6 avril. Venez faire de bonnes affaires chez NOZ le 6 avril !<\/div><\/div><footer class=\"entry-footer\"><\/footer><span class='hidden'>\r\n\t\t\t\t<span class='av-structured-data'  itemprop=\"image\" itemscope=\"itemscope\" itemtype=\"https:\/\/schema.org\/ImageObject\" >\r\n\t\t\t\t\t\t<span itemprop='url'>https:\/\/www.noz.fr\/uploads\/2026\/03\/Visuel-RS_Ouverture-exceptionnelle.jpg<\/span>\r\n\t\t\t\t\t\t<span itemprop='height'>1080<\/span>\r\n\t\t\t\t\t\t<span itemprop='width'>1080<\/span>\r\n\t\t\t\t<\/span>\r\n\t\t\t\t<span class='av-structured-data'  itemprop=\"publisher\" itemtype=\"https:\/\/schema.org\/Organization\" itemscope=\"itemscope\" >\r\n\t\t\t\t\t\t<span itemprop='name'>Romain Chevillon<\/span>\r\n\t\t\t\t\t\t<span itemprop='logo' itemscope itemtype='https:\/\/schema.org\/ImageObject'>\r\n\t\t\t\t\t\t\t<span itemprop='url'>https:\/\/www.noz.fr\/uploads\/2023\/06\/logo-noz.svg<\/span>\r\n\t\t\t\t\t\t<\/span>\r\n\t\t\t\t<\/span><span class='av-structured-data'  itemprop=\"author\" itemscope=\"itemscope\" itemtype=\"https:\/\/schema.org\/Person\" ><span itemprop='name'>Romain Chevillon<\/span><\/span><span class='av-structured-data'  itemprop=\"datePublished\" datetime=\"2026-02-19T16:41:07+01:00\" >2026-03-30 16:33:47<\/span><span class='av-structured-data'  itemprop=\"dateModified\" itemtype=\"https:\/\/schema.org\/dateModified\" >2026-04-02 17:26:48<\/span><span class='av-structured-data'  itemprop=\"mainEntityOfPage\" itemtype=\"https:\/\/schema.org\/mainEntityOfPage\" ><span itemprop='name'>Ouverture exceptionnelle de vos magasins NOZ le 6 avril !<\/span><\/span><\/span><\/article><\/div><div class=\"slide-entry-wrap\"><article class='slide-entry flex_column  post-entry post-entry-123370 slide-entry-overview slide-loop-5 slide-parity-odd  av_fullwidth first real-thumbnail posttype-post post-format-standard'  itemscope=\"itemscope\" itemtype=\"https:\/\/schema.org\/BlogPosting\" itemprop=\"blogPost\" ><a href='https:\/\/www.noz.fr\/es\/ouverture-de-noz-a-bordeaux-33\/' data-rel='slide-2' class='slide-image' title='Ouverture de NOZ \u00e0 Bordeaux (33)'><img decoding=\"async\" width=\"1030\" height=\"549\" src=\"https:\/\/www.noz.fr\/uploads\/2026\/03\/1-1030x549.png\" class=\"wp-image-123371 avia-img-lazy-loading-not-123371 attachment-large size-large wp-post-image\" alt=\"Photo \u00e9quipe NOZ Bordeaux (33)\" srcset=\"https:\/\/www.noz.fr\/uploads\/2026\/03\/1-1030x549.png 1030w, https:\/\/www.noz.fr\/uploads\/2026\/03\/1-300x160.png 300w, https:\/\/www.noz.fr\/uploads\/2026\/03\/1-768x409.png 768w, https:\/\/www.noz.fr\/uploads\/2026\/03\/1-1536x818.png 1536w, https:\/\/www.noz.fr\/uploads\/2026\/03\/1-2048x1091.png 2048w, https:\/\/www.noz.fr\/uploads\/2026\/03\/1-18x10.png 18w, https:\/\/www.noz.fr\/uploads\/2026\/03\/1-1500x799.png 1500w, https:\/\/www.noz.fr\/uploads\/2026\/03\/1-705x376.png 705w, https:\/\/www.noz.fr\/uploads\/2026\/03\/1-450x240.png 450w, https:\/\/www.noz.fr\/uploads\/2026\/03\/1-31x17.png 31w, https:\/\/www.noz.fr\/uploads\/2026\/03\/1-600x320.png 600w\" sizes=\"(max-width: 1030px) 100vw, 1030px\" \/><\/a><div class=\"slide-content\"><header class=\"entry-content-header\"><h3 class='slide-entry-title entry-title '  itemprop=\"headline\" ><a href='https:\/\/www.noz.fr\/es\/ouverture-de-noz-a-bordeaux-33\/' title='Ouverture de NOZ \u00e0 Bordeaux (33)'>Ouverture de NOZ \u00e0 Bordeaux (33)<\/a><\/h3><span class=\"av-vertical-delimiter\"><\/span><\/header><div class=\"slide-meta\"><time class='slide-meta-time updated'  itemprop=\"datePublished\" datetime=\"2026-03-03T16:02:21+01:00\" >3 marzo 2026<\/time><span class='categsection'> Actualit\u00e9s <\/span><\/div><div class='slide-entry-excerpt entry-content'  itemprop=\"text\" >NOZ ouvre ses portes \u00e0 Bordeaux (33) !<\/div><\/div><footer class=\"entry-footer\"><\/footer><span class='hidden'>\r\n\t\t\t\t<span class='av-structured-data'  itemprop=\"image\" itemscope=\"itemscope\" itemtype=\"https:\/\/schema.org\/ImageObject\" >\r\n\t\t\t\t\t\t<span itemprop='url'>https:\/\/www.noz.fr\/uploads\/2026\/03\/1.png<\/span>\r\n\t\t\t\t\t\t<span itemprop='height'>1572<\/span>\r\n\t\t\t\t\t\t<span itemprop='width'>2951<\/span>\r\n\t\t\t\t<\/span>\r\n\t\t\t\t<span class='av-structured-data'  itemprop=\"publisher\" itemtype=\"https:\/\/schema.org\/Organization\" itemscope=\"itemscope\" >\r\n\t\t\t\t\t\t<span itemprop='name'>Romain Chevillon<\/span>\r\n\t\t\t\t\t\t<span itemprop='logo' itemscope itemtype='https:\/\/schema.org\/ImageObject'>\r\n\t\t\t\t\t\t\t<span itemprop='url'>https:\/\/www.noz.fr\/uploads\/2023\/06\/logo-noz.svg<\/span>\r\n\t\t\t\t\t\t<\/span>\r\n\t\t\t\t<\/span><span class='av-structured-data'  itemprop=\"author\" itemscope=\"itemscope\" itemtype=\"https:\/\/schema.org\/Person\" ><span itemprop='name'>Romain Chevillon<\/span><\/span><span class='av-structured-data'  itemprop=\"datePublished\" datetime=\"2026-02-19T16:41:07+01:00\" >2026-03-03 16:02:21<\/span><span class='av-structured-data'  itemprop=\"dateModified\" itemtype=\"https:\/\/schema.org\/dateModified\" >2026-03-03 16:02:23<\/span><span class='av-structured-data'  itemprop=\"mainEntityOfPage\" itemtype=\"https:\/\/schema.org\/mainEntityOfPage\" ><span itemprop='name'>Ouverture de NOZ \u00e0 Bordeaux (33)<\/span><\/span><\/span><\/article><\/div><div class=\"slide-entry-wrap\"><article class='slide-entry flex_column  post-entry post-entry-122094 slide-entry-overview slide-loop-6 slide-parity-odd  av_fullwidth first real-thumbnail posttype-post post-format-standard'  itemscope=\"itemscope\" itemtype=\"https:\/\/schema.org\/BlogPosting\" itemprop=\"blogPost\" ><a href='https:\/\/www.noz.fr\/es\/vinyles-pop-culture-noz\/' data-rel='slide-2' class='slide-image' title='Arrivage de vinyles Pop Culture'><img decoding=\"async\" width=\"1030\" height=\"1030\" src=\"https:\/\/www.noz.fr\/uploads\/2026\/02\/post-fb-1-1030x1030.png\" class=\"wp-image-122115 avia-img-lazy-loading-not-122115 attachment-large size-large wp-post-image\" alt=\"Arrivage de vinyles chez NOZ\" srcset=\"https:\/\/www.noz.fr\/uploads\/2026\/02\/post-fb-1-1030x1030.png 1030w, https:\/\/www.noz.fr\/uploads\/2026\/02\/post-fb-1-300x300.png 300w, https:\/\/www.noz.fr\/uploads\/2026\/02\/post-fb-1-80x80.png 80w, https:\/\/www.noz.fr\/uploads\/2026\/02\/post-fb-1-768x768.png 768w, https:\/\/www.noz.fr\/uploads\/2026\/02\/post-fb-1-12x12.png 12w, https:\/\/www.noz.fr\/uploads\/2026\/02\/post-fb-1-36x36.png 36w, https:\/\/www.noz.fr\/uploads\/2026\/02\/post-fb-1-180x180.png 180w, https:\/\/www.noz.fr\/uploads\/2026\/02\/post-fb-1-705x705.png 705w, https:\/\/www.noz.fr\/uploads\/2026\/02\/post-fb-1-120x120.png 120w, https:\/\/www.noz.fr\/uploads\/2026\/02\/post-fb-1-450x450.png 450w, https:\/\/www.noz.fr\/uploads\/2026\/02\/post-fb-1-27x27.png 27w, https:\/\/www.noz.fr\/uploads\/2026\/02\/post-fb-1-600x600.png 600w, https:\/\/www.noz.fr\/uploads\/2026\/02\/post-fb-1-100x100.png 100w, https:\/\/www.noz.fr\/uploads\/2026\/02\/post-fb-1.png 1200w\" sizes=\"(max-width: 1030px) 100vw, 1030px\" \/><\/a><div class=\"slide-content\"><header class=\"entry-content-header\"><h3 class='slide-entry-title entry-title '  itemprop=\"headline\" ><a href='https:\/\/www.noz.fr\/es\/vinyles-pop-culture-noz\/' title='Arrivage de vinyles Pop Culture'>Arrivage de vinyles Pop Culture<\/a><\/h3><span class=\"av-vertical-delimiter\"><\/span><\/header><div class=\"slide-meta\"><time class='slide-meta-time updated'  itemprop=\"datePublished\" datetime=\"2026-02-19T16:41:07+01:00\" >19 febrero 2026<\/time><span class='categsection'> Actualit\u00e9s <\/span><\/div><div class='slide-entry-excerpt entry-content'  itemprop=\"text\" >Arrivage de vinyles chez NOZ<\/div><\/div><footer class=\"entry-footer\"><\/footer><span class='hidden'>\r\n\t\t\t\t<span class='av-structured-data'  itemprop=\"image\" itemscope=\"itemscope\" itemtype=\"https:\/\/schema.org\/ImageObject\" >\r\n\t\t\t\t\t\t<span itemprop='url'>https:\/\/www.noz.fr\/uploads\/2026\/02\/post-fb-1.png<\/span>\r\n\t\t\t\t\t\t<span itemprop='height'>1200<\/span>\r\n\t\t\t\t\t\t<span itemprop='width'>1200<\/span>\r\n\t\t\t\t<\/span>\r\n\t\t\t\t<span class='av-structured-data'  itemprop=\"publisher\" itemtype=\"https:\/\/schema.org\/Organization\" itemscope=\"itemscope\" >\r\n\t\t\t\t\t\t<span itemprop='name'>Romain Chevillon<\/span>\r\n\t\t\t\t\t\t<span itemprop='logo' itemscope itemtype='https:\/\/schema.org\/ImageObject'>\r\n\t\t\t\t\t\t\t<span itemprop='url'>https:\/\/www.noz.fr\/uploads\/2023\/06\/logo-noz.svg<\/span>\r\n\t\t\t\t\t\t<\/span>\r\n\t\t\t\t<\/span><span class='av-structured-data'  itemprop=\"author\" itemscope=\"itemscope\" itemtype=\"https:\/\/schema.org\/Person\" ><span itemprop='name'>Romain Chevillon<\/span><\/span><span class='av-structured-data'  itemprop=\"datePublished\" datetime=\"2026-02-19T16:41:07+01:00\" >2026-02-19 16:41:07<\/span><span class='av-structured-data'  itemprop=\"dateModified\" itemtype=\"https:\/\/schema.org\/dateModified\" >2026-02-19 17:06:12<\/span><span class='av-structured-data'  itemprop=\"mainEntityOfPage\" itemtype=\"https:\/\/schema.org\/mainEntityOfPage\" ><span itemprop='name'>Arrivage de vinyles Pop Culture<\/span><\/span><\/span><\/article><\/div><div class=\"slide-entry-wrap\"><article class='slide-entry flex_column  post-entry post-entry-114422 slide-entry-overview slide-loop-7 slide-parity-odd  av_fullwidth first real-thumbnail posttype-post post-format-standard'  itemscope=\"itemscope\" itemtype=\"https:\/\/schema.org\/BlogPosting\" itemprop=\"blogPost\" ><a href='https:\/\/www.noz.fr\/es\/noz-ouverture-evreux-27\/' data-rel='slide-2' class='slide-image' title='NOZ ouvre \u00e0 Evreux (27)'><img decoding=\"async\" width=\"718\" height=\"404\" src=\"https:\/\/www.noz.fr\/uploads\/2025\/12\/evreux3.jpg\" class=\"wp-image-114433 avia-img-lazy-loading-not-114433 attachment-large size-large wp-post-image\" alt=\"Ouverture de NOZ \u00e0 Evreux (27)\" srcset=\"https:\/\/www.noz.fr\/uploads\/2025\/12\/evreux3.jpg 718w, https:\/\/www.noz.fr\/uploads\/2025\/12\/evreux3-300x169.jpg 300w, https:\/\/www.noz.fr\/uploads\/2025\/12\/evreux3-18x10.jpg 18w, https:\/\/www.noz.fr\/uploads\/2025\/12\/evreux3-705x397.jpg 705w, https:\/\/www.noz.fr\/uploads\/2025\/12\/evreux3-450x253.jpg 450w, https:\/\/www.noz.fr\/uploads\/2025\/12\/evreux3-31x17.jpg 31w, https:\/\/www.noz.fr\/uploads\/2025\/12\/evreux3-600x338.jpg 600w\" sizes=\"(max-width: 718px) 100vw, 718px\" \/><\/a><div class=\"slide-content\"><header class=\"entry-content-header\"><h3 class='slide-entry-title entry-title '  itemprop=\"headline\" ><a href='https:\/\/www.noz.fr\/es\/noz-ouverture-evreux-27\/' title='NOZ ouvre \u00e0 Evreux (27)'>NOZ ouvre \u00e0 Evreux (27)<\/a><\/h3><span class=\"av-vertical-delimiter\"><\/span><\/header><div class=\"slide-meta\"><time class='slide-meta-time updated'  itemprop=\"datePublished\" datetime=\"2025-12-19T14:21:02+01:00\" >19 diciembre 2025<\/time><span class='categsection'> Actualit\u00e9s <\/span><\/div><div class='slide-entry-excerpt entry-content'  itemprop=\"text\" >NOZ ouvre ses portes \u00e0 Evreux !<\/div><\/div><footer class=\"entry-footer\"><\/footer><span class='hidden'>\r\n\t\t\t\t<span class='av-structured-data'  itemprop=\"image\" itemscope=\"itemscope\" itemtype=\"https:\/\/schema.org\/ImageObject\" >\r\n\t\t\t\t\t\t<span itemprop='url'>https:\/\/www.noz.fr\/uploads\/2025\/12\/evreux3.jpg<\/span>\r\n\t\t\t\t\t\t<span itemprop='height'>404<\/span>\r\n\t\t\t\t\t\t<span itemprop='width'>718<\/span>\r\n\t\t\t\t<\/span>\r\n\t\t\t\t<span class='av-structured-data'  itemprop=\"publisher\" itemtype=\"https:\/\/schema.org\/Organization\" itemscope=\"itemscope\" >\r\n\t\t\t\t\t\t<span itemprop='name'>Romain Chevillon<\/span>\r\n\t\t\t\t\t\t<span itemprop='logo' itemscope itemtype='https:\/\/schema.org\/ImageObject'>\r\n\t\t\t\t\t\t\t<span itemprop='url'>https:\/\/www.noz.fr\/uploads\/2023\/06\/logo-noz.svg<\/span>\r\n\t\t\t\t\t\t<\/span>\r\n\t\t\t\t<\/span><span class='av-structured-data'  itemprop=\"author\" itemscope=\"itemscope\" itemtype=\"https:\/\/schema.org\/Person\" ><span itemprop='name'>Romain Chevillon<\/span><\/span><span class='av-structured-data'  itemprop=\"datePublished\" datetime=\"2026-02-19T16:41:07+01:00\" >2025-12-19 14:21:02<\/span><span class='av-structured-data'  itemprop=\"dateModified\" itemtype=\"https:\/\/schema.org\/dateModified\" >2025-12-19 14:21:05<\/span><span class='av-structured-data'  itemprop=\"mainEntityOfPage\" itemtype=\"https:\/\/schema.org\/mainEntityOfPage\" ><span itemprop='name'>NOZ ouvre \u00e0 Evreux (27)<\/span><\/span><\/span><\/article><\/div><div class=\"slide-entry-wrap\"><article class='slide-entry flex_column  post-entry post-entry-112654 slide-entry-overview slide-loop-8 slide-parity-odd  av_fullwidth first real-thumbnail posttype-post post-format-standard'  itemscope=\"itemscope\" itemtype=\"https:\/\/schema.org\/BlogPosting\" itemprop=\"blogPost\" ><a href='https:\/\/www.noz.fr\/es\/ouverture-de-noz-a-artigues-pres-bordeaux-33\/' data-rel='slide-2' class='slide-image' title='NOZ ouvre \u00e0 Artigues-pr\u00e8s-Bordeaux (33)'><img decoding=\"async\" width=\"561\" height=\"600\" src=\"https:\/\/www.noz.fr\/uploads\/2025\/12\/artigues1.jpg\" class=\"wp-image-112655 avia-img-lazy-loading-not-112655 attachment-large size-large wp-post-image\" alt=\"Equipe de NOZ Artigues-pr\u00e8s-Bordeaux.\" srcset=\"https:\/\/www.noz.fr\/uploads\/2025\/12\/artigues1.jpg 561w, https:\/\/www.noz.fr\/uploads\/2025\/12\/artigues1-281x300.jpg 281w, https:\/\/www.noz.fr\/uploads\/2025\/12\/artigues1-11x12.jpg 11w, https:\/\/www.noz.fr\/uploads\/2025\/12\/artigues1-450x481.jpg 450w, https:\/\/www.noz.fr\/uploads\/2025\/12\/artigues1-25x27.jpg 25w\" sizes=\"(max-width: 561px) 100vw, 561px\" \/><\/a><div class=\"slide-content\"><header class=\"entry-content-header\"><h3 class='slide-entry-title entry-title '  itemprop=\"headline\" ><a href='https:\/\/www.noz.fr\/es\/ouverture-de-noz-a-artigues-pres-bordeaux-33\/' title='NOZ ouvre \u00e0 Artigues-pr\u00e8s-Bordeaux (33)'>NOZ ouvre \u00e0 Artigues-pr\u00e8s-Bordeaux (33)<\/a><\/h3><span class=\"av-vertical-delimiter\"><\/span><\/header><div class=\"slide-meta\"><time class='slide-meta-time updated'  itemprop=\"datePublished\" datetime=\"2025-12-04T09:53:53+01:00\" >4 diciembre 2025<\/time><span class='categsection'> Actualit\u00e9s <\/span><\/div><div class='slide-entry-excerpt entry-content'  itemprop=\"text\" >NOZ ouvre ses portes \u00e0 Artigues-pr\u00e8s-Bordeaux !<\/div><\/div><footer class=\"entry-footer\"><\/footer><span class='hidden'>\r\n\t\t\t\t<span class='av-structured-data'  itemprop=\"image\" itemscope=\"itemscope\" itemtype=\"https:\/\/schema.org\/ImageObject\" >\r\n\t\t\t\t\t\t<span itemprop='url'>https:\/\/www.noz.fr\/uploads\/2025\/12\/artigues1.jpg<\/span>\r\n\t\t\t\t\t\t<span itemprop='height'>600<\/span>\r\n\t\t\t\t\t\t<span itemprop='width'>561<\/span>\r\n\t\t\t\t<\/span>\r\n\t\t\t\t<span class='av-structured-data'  itemprop=\"publisher\" itemtype=\"https:\/\/schema.org\/Organization\" itemscope=\"itemscope\" >\r\n\t\t\t\t\t\t<span itemprop='name'>Romain Chevillon<\/span>\r\n\t\t\t\t\t\t<span itemprop='logo' itemscope itemtype='https:\/\/schema.org\/ImageObject'>\r\n\t\t\t\t\t\t\t<span itemprop='url'>https:\/\/www.noz.fr\/uploads\/2023\/06\/logo-noz.svg<\/span>\r\n\t\t\t\t\t\t<\/span>\r\n\t\t\t\t<\/span><span class='av-structured-data'  itemprop=\"author\" itemscope=\"itemscope\" itemtype=\"https:\/\/schema.org\/Person\" ><span itemprop='name'>Romain Chevillon<\/span><\/span><span class='av-structured-data'  itemprop=\"datePublished\" datetime=\"2026-02-19T16:41:07+01:00\" >2025-12-04 09:53:53<\/span><span class='av-structured-data'  itemprop=\"dateModified\" itemtype=\"https:\/\/schema.org\/dateModified\" >2025-12-04 09:53:55<\/span><span class='av-structured-data'  itemprop=\"mainEntityOfPage\" itemtype=\"https:\/\/schema.org\/mainEntityOfPage\" ><span itemprop='name'>NOZ ouvre \u00e0 Artigues-pr\u00e8s-Bordeaux (33)<\/span><\/span><\/span><\/article><\/div><div class=\"slide-entry-wrap\"><article class='slide-entry flex_column  post-entry post-entry-106810 slide-entry-overview slide-loop-9 slide-parity-odd  post-entry-last  av_fullwidth first real-thumbnail posttype-post post-format-standard'  itemscope=\"itemscope\" itemtype=\"https:\/\/schema.org\/BlogPosting\" itemprop=\"blogPost\" ><a href='https:\/\/www.noz.fr\/es\/ouverture-noz-saint-meen-le-grand-35\/' data-rel='slide-2' class='slide-image' title='Ouverture de NOZ \u00e0 Saint-M\u00e9en-le-Grand (35)'><img decoding=\"async\" width=\"640\" height=\"360\" src=\"https:\/\/www.noz.fr\/uploads\/2025\/11\/equipe-noz-saint-meen-le-grand.jpg\" class=\"wp-image-109336 avia-img-lazy-loading-not-109336 attachment-large size-large wp-post-image\" alt=\"Equipe NOZ de Saint-M\u00e9en-le-Grand\" srcset=\"https:\/\/www.noz.fr\/uploads\/2025\/11\/equipe-noz-saint-meen-le-grand.jpg 640w, https:\/\/www.noz.fr\/uploads\/2025\/11\/equipe-noz-saint-meen-le-grand-300x169.jpg 300w, https:\/\/www.noz.fr\/uploads\/2025\/11\/equipe-noz-saint-meen-le-grand-18x10.jpg 18w, https:\/\/www.noz.fr\/uploads\/2025\/11\/equipe-noz-saint-meen-le-grand-450x253.jpg 450w, https:\/\/www.noz.fr\/uploads\/2025\/11\/equipe-noz-saint-meen-le-grand-31x17.jpg 31w, https:\/\/www.noz.fr\/uploads\/2025\/11\/equipe-noz-saint-meen-le-grand-600x338.jpg 600w\" sizes=\"(max-width: 640px) 100vw, 640px\" \/><\/a><div class=\"slide-content\"><header class=\"entry-content-header\"><h3 class='slide-entry-title entry-title '  itemprop=\"headline\" ><a href='https:\/\/www.noz.fr\/es\/ouverture-noz-saint-meen-le-grand-35\/' title='Ouverture de NOZ \u00e0 Saint-M\u00e9en-le-Grand (35)'>Ouverture de NOZ \u00e0 Saint-M\u00e9en-le-Grand (35)<\/a><\/h3><span class=\"av-vertical-delimiter\"><\/span><\/header><div class=\"slide-meta\"><time class='slide-meta-time updated'  itemprop=\"datePublished\" datetime=\"2025-11-12T10:07:04+01:00\" >12 noviembre 2025<\/time><span class='categsection'> Actualit\u00e9s <\/span><\/div><div class='slide-entry-excerpt entry-content'  itemprop=\"text\" >NOZ ouvre ses portes \u00e0 Saint-M\u00e9en-le-Grand (35) !<\/div><\/div><footer class=\"entry-footer\"><\/footer><span class='hidden'>\r\n\t\t\t\t<span class='av-structured-data'  itemprop=\"image\" itemscope=\"itemscope\" itemtype=\"https:\/\/schema.org\/ImageObject\" >\r\n\t\t\t\t\t\t<span itemprop='url'>https:\/\/www.noz.fr\/uploads\/2025\/11\/equipe-noz-saint-meen-le-grand.jpg<\/span>\r\n\t\t\t\t\t\t<span itemprop='height'>360<\/span>\r\n\t\t\t\t\t\t<span itemprop='width'>640<\/span>\r\n\t\t\t\t<\/span>\r\n\t\t\t\t<span class='av-structured-data'  itemprop=\"publisher\" itemtype=\"https:\/\/schema.org\/Organization\" itemscope=\"itemscope\" >\r\n\t\t\t\t\t\t<span itemprop='name'>Romain Chevillon<\/span>\r\n\t\t\t\t\t\t<span itemprop='logo' itemscope itemtype='https:\/\/schema.org\/ImageObject'>\r\n\t\t\t\t\t\t\t<span itemprop='url'>https:\/\/www.noz.fr\/uploads\/2023\/06\/logo-noz.svg<\/span>\r\n\t\t\t\t\t\t<\/span>\r\n\t\t\t\t<\/span><span class='av-structured-data'  itemprop=\"author\" itemscope=\"itemscope\" itemtype=\"https:\/\/schema.org\/Person\" ><span itemprop='name'>Romain Chevillon<\/span><\/span><span class='av-structured-data'  itemprop=\"datePublished\" datetime=\"2026-02-19T16:41:07+01:00\" >2025-11-12 10:07:04<\/span><span class='av-structured-data'  itemprop=\"dateModified\" itemtype=\"https:\/\/schema.org\/dateModified\" >2025-11-12 10:37:54<\/span><span class='av-structured-data'  itemprop=\"mainEntityOfPage\" itemtype=\"https:\/\/schema.org\/mainEntityOfPage\" ><span itemprop='name'>Ouverture de NOZ \u00e0 Saint-M\u00e9en-le-Grand (35)<\/span><\/span><\/span><\/article><\/div><\/div><div class='avia-slideshow-arrows avia-slideshow-controls' ><a href='#prev' class='prev-slide ' aria-hidden='true' data-av_icon='\ue87c' data-av_iconfont='entypo-fontello'  tabindex='-1'>Anterior<\/a><a href='#next' class='next-slide ' aria-hidden='true' data-av_icon='\ue87d' data-av_iconfont='entypo-fontello'  tabindex='-1'>Posterior<\/a><\/div><\/div><\/p><\/div>\n\n[av_section min_height='' min_height_pc='25' min_height_px='500px' shadow='no-border-styling' bottom_border='no-border-styling' bottom_border_diagonal_color='#333333' bottom_border_diagonal_direction='' bottom_border_style='' padding='default' custom_margin='0px' custom_margin_sync='true' av-desktop-custom_margin='' av-desktop-custom_margin_sync='true' av-medium-custom_margin='' av-medium-custom_margin_sync='true' av-small-custom_margin='' av-small-custom_margin_sync='true' av-mini-custom_margin='' av-mini-custom_margin_sync='true' svg_div_top='' svg_div_top_color='#333333' svg_div_top_width='100' svg_div_top_height='50' svg_div_top_max_height='none' svg_div_top_opacity='' svg_div_bottom='' svg_div_bottom_color='#333333' svg_div_bottom_width='100' svg_div_bottom_height='50' svg_div_bottom_max_height='none' svg_div_bottom_opacity='' fold_type='' fold_height='' fold_more='Lire la suite' fold_less='Read less' fold_text_style='' fold_btn_align='' color='main_color' background='bg_color' custom_bg='#dbede3' background_gradient_direction='vertical_rev' background_gradient_color1='#000000' background_gradient_color2='#ffffff' background_gradient_color3='' src='' attachment='' attachment_size='' attach='scroll' position='top left' repeat='no-repeat' video='' video_ratio='16:9' overlay_opacity='0.5' overlay_color='' overlay_pattern='' overlay_custom_pattern='' custom_arrow_bg='' fold_overlay_color='' fold_text_color='' fold_btn_color='theme-color' fold_btn_bg_color='' fold_btn_font_color='' size-btn-text='' av-desktop-font-size-btn-text='' av-medium-font-size-btn-text='' av-small-font-size-btn-text='' av-mini-font-size-btn-text='' fold_timer='' z_index_fold='' css_position_z_index='' av-desktop-css_position_z_index='' av-medium-css_position_z_index='' av-small-css_position_z_index='' av-mini-css_position_z_index='' id='' custom_class='home-part5' template_class='' aria_label='' av_element_hidden_in_editor='0' av_uid='av-1i7aj2' sc_version='1.0']\r\n\r\n[av_one_full first min_height='' vertical_alignment='av-align-top' space='' row_boxshadow='' row_boxshadow_width='10' row_boxshadow_color='' custom_margin='' margin='0px' av-desktop-margin='' av-medium-margin='' av-small-margin='' av-mini-margin='' mobile_breaking='' mobile_column_order='' border='' border_style='solid' border_color='' radius='' min_col_height='' padding='' av-desktop-padding='' av-medium-padding='' av-small-padding='' av-mini-padding='' svg_div_top='' svg_div_top_color='#333333' svg_div_top_width='100' svg_div_top_height='50' svg_div_top_max_height='none' svg_div_top_flip='' svg_div_top_invert='' svg_div_top_front='' svg_div_top_opacity='' svg_div_top_preview='' svg_div_bottom='' svg_div_bottom_color='#333333' svg_div_bottom_width='100' svg_div_bottom_height='50' svg_div_bottom_max_height='none' svg_div_bottom_flip='' svg_div_bottom_invert='' svg_div_bottom_front='' svg_div_bottom_opacity='' svg_div_bottom_preview='' fold_type='' fold_height='' fold_more='Lire la suite' fold_less='Read less' fold_text_style='' fold_btn_align='' column_boxshadow='' column_boxshadow_width='10' column_boxshadow_color='' background='bg_color' background_color='' background_gradient_direction='vertical' background_gradient_color1='#000000' background_gradient_color2='#ffffff' background_gradient_color3='' src='' background_position='top left' background_repeat='no-repeat' highlight='' highlight_size='' fold_overlay_color='' fold_text_color='' fold_btn_color='theme-color' fold_btn_bg_color='' fold_btn_font_color='' size-btn-text='' av-desktop-font-size-btn-text='' av-medium-font-size-btn-text='' av-small-font-size-btn-text='' av-mini-font-size-btn-text='' animation='' animation_duration='' animation_custom_bg_color='' animation_z_index_curtain='100' parallax_parallax='' parallax_parallax_speed='' av-desktop-parallax_parallax='' av-desktop-parallax_parallax_speed='' av-medium-parallax_parallax='' av-medium-parallax_parallax_speed='' av-small-parallax_parallax='' av-small-parallax_parallax_speed='' av-mini-parallax_parallax='' av-mini-parallax_parallax_speed='' fold_timer='' z_index_fold='' css_position='' css_position_location='' css_position_z_index='' av-desktop-css_position='' av-desktop-css_position_location='' av-desktop-css_position_z_index='' av-medium-css_position='' av-medium-css_position_location='' av-medium-css_position_z_index='' av-small-css_position='' av-small-css_position_location='' av-small-css_position_z_index='' av-mini-css_position='' av-mini-css_position_location='' av-mini-css_position_z_index='' link='' linktarget='' link_hover='' title_attr='' alt_attr='' mobile_display='' mobile_col_pos='0' id='' custom_class='' template_class='' aria_label='' av_uid='av-1gxdr2' sc_version='1.0']\r\n\r\n[av_textblock fold_type='' fold_height='' fold_more='Lire la suite' fold_less='Read less' fold_text_style='' fold_btn_align='' textblock_styling_align='' textblock_styling='' textblock_styling_gap='' textblock_styling_mobile='' size='' av-desktop-font-size='' av-medium-font-size='' av-small-font-size='' av-mini-font-size='' font_color='' color='' fold_overlay_color='' fold_text_color='' fold_btn_color='theme-color' fold_btn_bg_color='' fold_btn_font_color='' size-btn-text='' av-desktop-font-size-btn-text='' av-medium-font-size-btn-text='' av-small-font-size-btn-text='' av-mini-font-size-btn-text='' fold_timer='' z_index_fold='' id='' custom_class='title-h-noz' template_class='' av_uid='av-1a07ue' sc_version='1.0' admin_preview_bg='']\r\n<h2 style=\"text-align: right;\">Trouvez votre job id\u00e9al<\/h2>\r\n[\/av_textblock]\r\n\r\n[\/av_one_full][av_one_third first min_height='' vertical_alignment='av-align-top' space='4' row_boxshadow_width='10' row_boxshadow_color='' margin='0px' margin_sync='true' av-desktop-margin='' av-desktop-margin_sync='true' av-medium-margin='' av-medium-margin_sync='true' av-small-margin='' av-small-margin_sync='true' av-mini-margin='' av-mini-margin_sync='true' mobile_breaking='' mobile_column_order='' border='' border_style='solid' border_color='' radius='' radius_sync='true' min_col_height='' padding='' padding_sync='true' av-desktop-padding='' av-desktop-padding_sync='true' av-medium-padding='' av-medium-padding_sync='true' av-small-padding='' av-small-padding_sync='true' av-mini-padding='' av-mini-padding_sync='true' svg_div_top='' svg_div_top_color='#333333' svg_div_top_width='100' svg_div_top_height='50' svg_div_top_max_height='none' svg_div_top_opacity='' svg_div_bottom='' svg_div_bottom_color='#333333' svg_div_bottom_width='100' svg_div_bottom_height='50' svg_div_bottom_max_height='none' svg_div_bottom_opacity='' fold_type='' fold_height='' fold_more='Lire la suite' fold_less='Read less' fold_text_style='' fold_btn_align='' column_boxshadow_width='10' column_boxshadow_color='' background='bg_color' background_color='' background_gradient_direction='vertical_rev' background_gradient_color1='#000000' background_gradient_color2='#ffffff' background_gradient_color3='' src='http:\/\/www.noz.fr\/uploads\/2024\/02\/noz-home-vignettes2-nosmetiers.jpg' attachment='5107' attachment_size='full' background_position='center center' background_repeat='stretch' highlight_size='1.1' fold_overlay_color='' fold_text_color='' fold_btn_color='theme-color' fold_btn_bg_color='' fold_btn_font_color='' size-btn-text='' av-desktop-font-size-btn-text='' av-medium-font-size-btn-text='' av-small-font-size-btn-text='' av-mini-font-size-btn-text='' animation='fade-in' animation_duration='' animation_custom_bg_color='' animation_z_index_curtain='100' parallax_parallax='' parallax_parallax_speed='' av-desktop-parallax_parallax='' av-desktop-parallax_parallax_speed='' av-medium-parallax_parallax='' av-medium-parallax_parallax_speed='' av-small-parallax_parallax='' av-small-parallax_parallax_speed='' av-mini-parallax_parallax='' av-mini-parallax_parallax_speed='' fold_timer='' z_index_fold='' css_position='' css_position_location=',,,' css_position_z_index='' av-desktop-css_position='' av-desktop-css_position_location=',,,' av-desktop-css_position_z_index='' av-medium-css_position='' av-medium-css_position_location=',,,' av-medium-css_position_z_index='' av-small-css_position='' av-small-css_position_location=',,,' av-small-css_position_z_index='' av-mini-css_position='' av-mini-css_position_location=',,,' av-mini-css_position_z_index='' link='' linktarget='' link_hover='' title_attr='' alt_attr='' mobile_display='' mobile_col_pos='0' id='' custom_class='' template_class='' aria_label='' av_uid='av-11ilj2' sc_version='1.0']\r\n\r\n[av_textblock fold_type='' fold_height='' fold_more='Lire la suite' fold_less='Read less' fold_text_style='' fold_btn_align='' textblock_styling_align='' textblock_styling='' textblock_styling_gap='' textblock_styling_mobile='' size='' av-desktop-font-size='' av-medium-font-size='' av-small-font-size='' av-mini-font-size='' font_color='' color='' fold_overlay_color='' fold_text_color='' fold_btn_color='theme-color' fold_btn_bg_color='' fold_btn_font_color='' size-btn-text='' av-desktop-font-size-btn-text='' av-medium-font-size-btn-text='' av-small-font-size-btn-text='' av-mini-font-size-btn-text='' fold_timer='' z_index_fold='' id='' custom_class='' template_class='' av_uid='av-vm3u6' sc_version='1.0' admin_preview_bg='']\r\n<div class=\"title\">Nos m\u00e9tiers<\/div>\r\n<div class=\"descrip\">\r\n\r\nL\u2019Univers NOZ, c\u2019est plus de 4 500 collaborateurs en France et dans le monde entier. Nous recrutons des talents tr\u00e8s divers. Au total, plus de 60 m\u00e9tiers composent l\u2019Univers NOZ.\r\n\r\n<a href=\"https:\/\/www.noz.fr\/les-metiers\/\">En savoir plus<\/a>\r\n\r\n<\/div>\r\n[\/av_textblock]\r\n\r\n[\/av_one_third][av_one_third min_height='' vertical_alignment='av-align-top' space='4' row_boxshadow_width='10' row_boxshadow_color='' margin='0px' margin_sync='true' av-desktop-margin='' av-desktop-margin_sync='true' av-medium-margin='' av-medium-margin_sync='true' av-small-margin='' av-small-margin_sync='true' av-mini-margin='' av-mini-margin_sync='true' mobile_breaking='' mobile_column_order='' border='' border_style='solid' border_color='' radius='' radius_sync='true' min_col_height='' padding='' padding_sync='true' av-desktop-padding='' av-desktop-padding_sync='true' av-medium-padding='' av-medium-padding_sync='true' av-small-padding='' av-small-padding_sync='true' av-mini-padding='' av-mini-padding_sync='true' svg_div_top='' svg_div_top_color='#333333' svg_div_top_width='100' svg_div_top_height='50' svg_div_top_max_height='none' svg_div_top_opacity='' svg_div_bottom='' svg_div_bottom_color='#333333' svg_div_bottom_width='100' svg_div_bottom_height='50' svg_div_bottom_max_height='none' svg_div_bottom_opacity='' fold_type='' fold_height='' fold_more='Lire la suite' fold_less='Read less' fold_text_style='' fold_btn_align='' column_boxshadow_width='10' column_boxshadow_color='' background='bg_color' background_color='' background_gradient_direction='vertical_rev' background_gradient_color1='#000000' background_gradient_color2='#ffffff' background_gradient_color3='' src='http:\/\/www.noz.fr\/uploads\/2024\/02\/noz-home-vignettes-nosoffres.jpg' attachment='5106' attachment_size='full' background_position='center center' background_repeat='stretch' highlight_size='1.1' fold_overlay_color='' fold_text_color='' fold_btn_color='theme-color' fold_btn_bg_color='' fold_btn_font_color='' size-btn-text='' av-desktop-font-size-btn-text='' av-medium-font-size-btn-text='' av-small-font-size-btn-text='' av-mini-font-size-btn-text='' animation='fade-in' animation_duration='' animation_custom_bg_color='' animation_z_index_curtain='100' parallax_parallax='' parallax_parallax_speed='' av-desktop-parallax_parallax='' av-desktop-parallax_parallax_speed='' av-medium-parallax_parallax='' av-medium-parallax_parallax_speed='' av-small-parallax_parallax='' av-small-parallax_parallax_speed='' av-mini-parallax_parallax='' av-mini-parallax_parallax_speed='' fold_timer='' z_index_fold='' css_position='' css_position_location=',,,' css_position_z_index='' av-desktop-css_position='' av-desktop-css_position_location=',,,' av-desktop-css_position_z_index='' av-medium-css_position='' av-medium-css_position_location=',,,' av-medium-css_position_z_index='' av-small-css_position='' av-small-css_position_location=',,,' av-small-css_position_z_index='' av-mini-css_position='' av-mini-css_position_location=',,,' av-mini-css_position_z_index='' link='' linktarget='' link_hover='' title_attr='' alt_attr='' mobile_display='' mobile_col_pos='0' id='' custom_class='' template_class='' aria_label='' av_uid='av-2q05y' sc_version='1.0']\r\n\r\n[av_textblock fold_type='' fold_height='' fold_more='Lire la suite' fold_less='Read less' fold_text_style='' fold_btn_align='' textblock_styling_align='' textblock_styling='' textblock_styling_gap='' textblock_styling_mobile='' size='' av-desktop-font-size='' av-medium-font-size='' av-small-font-size='' av-mini-font-size='' font_color='' color='' fold_overlay_color='' fold_text_color='' fold_btn_color='theme-color' fold_btn_bg_color='' fold_btn_font_color='' size-btn-text='' av-desktop-font-size-btn-text='' av-medium-font-size-btn-text='' av-small-font-size-btn-text='' av-mini-font-size-btn-text='' fold_timer='' z_index_fold='' id='' custom_class='' template_class='' av_uid='av-8dba' sc_version='1.0' admin_preview_bg='']\r\n<div class=\"title\">Nos offres d'emploi<\/div>\r\n<div class=\"descrip\">\r\n\r\nD\u00e9couvrez les nombreuses offres d'emploi \u00e0 pourvoir au sein de l'Univers NOZ !\r\n\r\n<a href=\"https:\/\/www.noz.fr\/recherchez-une-offre\/\">En savoir plus<\/a>\r\n\r\n<\/div>\r\n[\/av_textblock]\r\n\r\n[\/av_one_third][av_one_third min_height='' vertical_alignment='av-align-top' space='4' row_boxshadow_width='10' row_boxshadow_color='' margin='0px' margin_sync='true' av-desktop-margin='' av-desktop-margin_sync='true' av-medium-margin='' av-medium-margin_sync='true' av-small-margin='' av-small-margin_sync='true' av-mini-margin='' av-mini-margin_sync='true' mobile_breaking='' mobile_column_order='' border='' border_style='solid' border_color='' radius='' radius_sync='true' min_col_height='' padding='' padding_sync='true' av-desktop-padding='' av-desktop-padding_sync='true' av-medium-padding='' av-medium-padding_sync='true' av-small-padding='' av-small-padding_sync='true' av-mini-padding='' av-mini-padding_sync='true' svg_div_top='' svg_div_top_color='#333333' svg_div_top_width='100' svg_div_top_height='50' svg_div_top_max_height='none' svg_div_top_opacity='' svg_div_bottom='' svg_div_bottom_color='#333333' svg_div_bottom_width='100' svg_div_bottom_height='50' svg_div_bottom_max_height='none' svg_div_bottom_opacity='' fold_type='' fold_height='' fold_more='Lire la suite' fold_less='Read less' fold_text_style='' fold_btn_align='' column_boxshadow_width='10' column_boxshadow_color='' background='bg_color' background_color='' background_gradient_direction='vertical_rev' background_gradient_color1='#000000' background_gradient_color2='#ffffff' background_gradient_color3='' src='http:\/\/www.noz.fr\/uploads\/2024\/02\/noz-home-vignettes-candidaturespont.jpg' attachment='5105' attachment_size='full' background_position='center center' background_repeat='stretch' highlight_size='1.1' fold_overlay_color='' fold_text_color='' fold_btn_color='theme-color' fold_btn_bg_color='' fold_btn_font_color='' size-btn-text='' av-desktop-font-size-btn-text='' av-medium-font-size-btn-text='' av-small-font-size-btn-text='' av-mini-font-size-btn-text='' animation='fade-in' animation_duration='' animation_custom_bg_color='' animation_z_index_curtain='100' parallax_parallax='' parallax_parallax_speed='' av-desktop-parallax_parallax='' av-desktop-parallax_parallax_speed='' av-medium-parallax_parallax='' av-medium-parallax_parallax_speed='' av-small-parallax_parallax='' av-small-parallax_parallax_speed='' av-mini-parallax_parallax='' av-mini-parallax_parallax_speed='' fold_timer='' z_index_fold='' css_position='' css_position_location=',,,' css_position_z_index='' av-desktop-css_position='' av-desktop-css_position_location=',,,' av-desktop-css_position_z_index='' av-medium-css_position='' av-medium-css_position_location=',,,' av-medium-css_position_z_index='' av-small-css_position='' av-small-css_position_location=',,,' av-small-css_position_z_index='' av-mini-css_position='' av-mini-css_position_location=',,,' av-mini-css_position_z_index='' link='' linktarget='' link_hover='' title_attr='' alt_attr='' mobile_display='' mobile_col_pos='0' id='' custom_class='' template_class='' aria_label='' av_uid='av-h51cm' sc_version='1.0']\r\n\r\n[av_textblock fold_type='' fold_height='' fold_more='Lire la suite' fold_less='Read less' fold_text_style='' fold_btn_align='' textblock_styling_align='' textblock_styling='' textblock_styling_gap='' textblock_styling_mobile='' size='' av-desktop-font-size='' av-medium-font-size='' av-small-font-size='' av-mini-font-size='' font_color='' color='' fold_overlay_color='' fold_text_color='' fold_btn_color='theme-color' fold_btn_bg_color='' fold_btn_font_color='' size-btn-text='' av-desktop-font-size-btn-text='' av-medium-font-size-btn-text='' av-small-font-size-btn-text='' av-mini-font-size-btn-text='' fold_timer='' z_index_fold='' id='' custom_class='' template_class='' av_uid='av-afzvq' sc_version='1.0' admin_preview_bg='']\r\n<div class=\"title\">Candidature\r\nspontan\u00e9e<\/div>\r\n<div class=\"descrip\">\r\n\r\nMerci de nous adresser votre candidature !\r\n\r\n<a href=\"\/candidature-spontanee\/\">En savoir plus<\/a>\r\n\r\n<\/div>\r\n[\/av_textblock]\r\n\r\n[\/av_one_third][\/av_section]\n<div  class='flex_column av-1ozsrc2-914d94edfa42191f6598d87b2ab1c668 av_one_half  avia-builder-el-18  el_after_av_postcontent  el_before_av_one_half  avia-builder-el-first  first flex_column_div  '     ><\/div>\n<div  class='flex_column av-1715v7m-0ae4cbe3f949a1d5fd48960badadfc70 av_one_half  avia-builder-el-19  el_after_av_one_half  el_before_av_one_half  flex_column_div  '     ><\/div>\n<div  class='flex_column av-wlnrz6-5c163398ad18d1ff9973b350623be760 av_one_half  avia-builder-el-20  el_after_av_one_half  avia-builder-el-last  first flex_column_div  column-top-margin'     ><\/div>\n","protected":false},"excerpt":{"rendered":"<p>Arrivage de vinyles chez NOZ<\/p>","protected":false},"author":12,"featured_media":122115,"comment_status":"closed","ping_status":"closed","sticky":false,"template":"","format":"standard","meta":{"_acf_changed":false,"inline_featured_image":false,"footnotes":"","_links_to":"","_links_to_target":""},"categories":[4],"tags":[],"location-tag":[],"class_list":["post-122094","post","type-post","status-publish","format-standard","has-post-thumbnail","hentry","category-actualites"],"acf":[],"yoast_head":"<!-- This site is optimized with the Yoast SEO plugin v27.4 - https:\/\/yoast.com\/product\/yoast-seo-wordpress\/ -->\n<title>Arrivages de vinyles Pop Culture chez NOZ !<\/title>\n<meta name=\"description\" content=\"Arrivages de vinyles Pop Culture chez NOZ avec une s\u00e9lection d\u00e9di\u00e9e aux bandes originales de films et de jeux vid\u00e9o c\u00e9l\u00e8bres.\" \/>\n<meta name=\"robots\" content=\"index, follow, max-snippet:-1, max-image-preview:large, max-video-preview:-1\" \/>\n<link rel=\"canonical\" href=\"https:\/\/www.noz.fr\/es\/vinyles-pop-culture-noz\/\" \/>\n<meta property=\"og:locale\" content=\"es_ES\" \/>\n<meta property=\"og:type\" content=\"article\" \/>\n<meta property=\"og:title\" content=\"Arrivages de vinyles Pop Culture chez NOZ !\" \/>\n<meta property=\"og:description\" content=\"Arrivages de vinyles Pop Culture chez NOZ avec une s\u00e9lection d\u00e9di\u00e9e aux bandes originales de films et de jeux vid\u00e9o c\u00e9l\u00e8bres.\" \/>\n<meta property=\"og:url\" content=\"https:\/\/www.noz.fr\/es\/vinyles-pop-culture-noz\/\" \/>\n<meta property=\"og:site_name\" content=\"Noz\" \/>\n<meta property=\"article:published_time\" content=\"2026-02-19T15:41:07+00:00\" \/>\n<meta property=\"article:modified_time\" content=\"2026-02-19T16:06:12+00:00\" \/>\n<meta property=\"og:image\" content=\"https:\/\/www.noz.fr\/uploads\/2026\/02\/post-fb-1.png\" \/>\n\t<meta property=\"og:image:width\" content=\"1200\" \/>\n\t<meta property=\"og:image:height\" content=\"1200\" \/>\n\t<meta property=\"og:image:type\" content=\"image\/png\" \/>\n<meta name=\"author\" content=\"Romain Chevillon\" \/>\n<meta name=\"twitter:card\" content=\"summary_large_image\" \/>\n<meta name=\"twitter:label1\" content=\"Escrito por\" \/>\n\t<meta name=\"twitter:data1\" content=\"Romain Chevillon\" \/>\n\t<meta name=\"twitter:label2\" content=\"Tiempo de lectura\" \/>\n\t<meta name=\"twitter:data2\" content=\"16 minutos\" \/>\n<script type=\"application\/ld+json\" class=\"yoast-schema-graph\">{\"@context\":\"https:\\\/\\\/schema.org\",\"@graph\":[{\"@type\":\"Article\",\"@id\":\"https:\\\/\\\/www.noz.fr\\\/es\\\/vinyles-pop-culture-noz\\\/#article\",\"isPartOf\":{\"@id\":\"https:\\\/\\\/www.noz.fr\\\/es\\\/vinyles-pop-culture-noz\\\/\"},\"author\":{\"name\":\"Romain Chevillon\",\"@id\":\"https:\\\/\\\/www.noz.fr\\\/#\\\/schema\\\/person\\\/9593799ff3940ad9399b65b29b4cf77e\"},\"headline\":\"Arrivage de vinyles Pop Culture\",\"datePublished\":\"2026-02-19T15:41:07+00:00\",\"dateModified\":\"2026-02-19T16:06:12+00:00\",\"mainEntityOfPage\":{\"@id\":\"https:\\\/\\\/www.noz.fr\\\/es\\\/vinyles-pop-culture-noz\\\/\"},\"wordCount\":4879,\"image\":{\"@id\":\"https:\\\/\\\/www.noz.fr\\\/es\\\/vinyles-pop-culture-noz\\\/#primaryimage\"},\"thumbnailUrl\":\"https:\\\/\\\/www.noz.fr\\\/uploads\\\/2026\\\/02\\\/post-fb-1.png\",\"articleSection\":[\"Actualit\u00e9s\"],\"inLanguage\":\"es\"},{\"@type\":\"WebPage\",\"@id\":\"https:\\\/\\\/www.noz.fr\\\/es\\\/vinyles-pop-culture-noz\\\/\",\"url\":\"https:\\\/\\\/www.noz.fr\\\/es\\\/vinyles-pop-culture-noz\\\/\",\"name\":\"Arrivages de vinyles Pop Culture chez NOZ !\",\"isPartOf\":{\"@id\":\"https:\\\/\\\/www.noz.fr\\\/#website\"},\"primaryImageOfPage\":{\"@id\":\"https:\\\/\\\/www.noz.fr\\\/es\\\/vinyles-pop-culture-noz\\\/#primaryimage\"},\"image\":{\"@id\":\"https:\\\/\\\/www.noz.fr\\\/es\\\/vinyles-pop-culture-noz\\\/#primaryimage\"},\"thumbnailUrl\":\"https:\\\/\\\/www.noz.fr\\\/uploads\\\/2026\\\/02\\\/post-fb-1.png\",\"datePublished\":\"2026-02-19T15:41:07+00:00\",\"dateModified\":\"2026-02-19T16:06:12+00:00\",\"author\":{\"@id\":\"https:\\\/\\\/www.noz.fr\\\/#\\\/schema\\\/person\\\/9593799ff3940ad9399b65b29b4cf77e\"},\"description\":\"Arrivages de vinyles Pop Culture chez NOZ avec une s\u00e9lection d\u00e9di\u00e9e aux bandes originales de films et de jeux vid\u00e9o c\u00e9l\u00e8bres.\",\"breadcrumb\":{\"@id\":\"https:\\\/\\\/www.noz.fr\\\/es\\\/vinyles-pop-culture-noz\\\/#breadcrumb\"},\"inLanguage\":\"es\",\"potentialAction\":[{\"@type\":\"ReadAction\",\"target\":[\"https:\\\/\\\/www.noz.fr\\\/es\\\/vinyles-pop-culture-noz\\\/\"]}]},{\"@type\":\"ImageObject\",\"inLanguage\":\"es\",\"@id\":\"https:\\\/\\\/www.noz.fr\\\/es\\\/vinyles-pop-culture-noz\\\/#primaryimage\",\"url\":\"https:\\\/\\\/www.noz.fr\\\/uploads\\\/2026\\\/02\\\/post-fb-1.png\",\"contentUrl\":\"https:\\\/\\\/www.noz.fr\\\/uploads\\\/2026\\\/02\\\/post-fb-1.png\",\"width\":1200,\"height\":1200,\"caption\":\"Arrivage de vinyles chez NOZ\"},{\"@type\":\"BreadcrumbList\",\"@id\":\"https:\\\/\\\/www.noz.fr\\\/es\\\/vinyles-pop-culture-noz\\\/#breadcrumb\",\"itemListElement\":[{\"@type\":\"ListItem\",\"position\":1,\"name\":\"Accueil\",\"item\":\"https:\\\/\\\/www.noz.fr\\\/\"},{\"@type\":\"ListItem\",\"position\":2,\"name\":\"Arrivage de vinyles Pop Culture\"}]},{\"@type\":\"WebSite\",\"@id\":\"https:\\\/\\\/www.noz.fr\\\/#website\",\"url\":\"https:\\\/\\\/www.noz.fr\\\/\",\"name\":\"Noz\",\"description\":\"\",\"potentialAction\":[{\"@type\":\"SearchAction\",\"target\":{\"@type\":\"EntryPoint\",\"urlTemplate\":\"https:\\\/\\\/www.noz.fr\\\/?s={search_term_string}\"},\"query-input\":{\"@type\":\"PropertyValueSpecification\",\"valueRequired\":true,\"valueName\":\"search_term_string\"}}],\"inLanguage\":\"es\"},{\"@type\":\"Person\",\"@id\":\"https:\\\/\\\/www.noz.fr\\\/#\\\/schema\\\/person\\\/9593799ff3940ad9399b65b29b4cf77e\",\"name\":\"Romain Chevillon\",\"image\":{\"@type\":\"ImageObject\",\"inLanguage\":\"es\",\"@id\":\"https:\\\/\\\/secure.gravatar.com\\\/avatar\\\/a6b9d500c90e305078d9689711e648c799eb5b6cb97ce4433599f694397d3ce3?s=96&d=mm&r=g\",\"url\":\"https:\\\/\\\/secure.gravatar.com\\\/avatar\\\/a6b9d500c90e305078d9689711e648c799eb5b6cb97ce4433599f694397d3ce3?s=96&d=mm&r=g\",\"contentUrl\":\"https:\\\/\\\/secure.gravatar.com\\\/avatar\\\/a6b9d500c90e305078d9689711e648c799eb5b6cb97ce4433599f694397d3ce3?s=96&d=mm&r=g\",\"caption\":\"Romain Chevillon\"}}]}<\/script>\n<!-- \/ Yoast SEO plugin. -->","yoast_head_json":{"title":"Arrivages de vinyles Pop Culture chez NOZ !","description":"Arrivages de vinyles Pop Culture chez NOZ avec une s\u00e9lection d\u00e9di\u00e9e aux bandes originales de films et de jeux vid\u00e9o c\u00e9l\u00e8bres.","robots":{"index":"index","follow":"follow","max-snippet":"max-snippet:-1","max-image-preview":"max-image-preview:large","max-video-preview":"max-video-preview:-1"},"canonical":"https:\/\/www.noz.fr\/es\/vinyles-pop-culture-noz\/","og_locale":"es_ES","og_type":"article","og_title":"Arrivages de vinyles Pop Culture chez NOZ !","og_description":"Arrivages de vinyles Pop Culture chez NOZ avec une s\u00e9lection d\u00e9di\u00e9e aux bandes originales de films et de jeux vid\u00e9o c\u00e9l\u00e8bres.","og_url":"https:\/\/www.noz.fr\/es\/vinyles-pop-culture-noz\/","og_site_name":"Noz","article_published_time":"2026-02-19T15:41:07+00:00","article_modified_time":"2026-02-19T16:06:12+00:00","og_image":[{"width":1200,"height":1200,"url":"https:\/\/www.noz.fr\/uploads\/2026\/02\/post-fb-1.png","type":"image\/png"}],"author":"Romain Chevillon","twitter_card":"summary_large_image","twitter_misc":{"Escrito por":"Romain Chevillon","Tiempo de lectura":"16 minutos"},"schema":{"@context":"https:\/\/schema.org","@graph":[{"@type":"Article","@id":"https:\/\/www.noz.fr\/es\/vinyles-pop-culture-noz\/#article","isPartOf":{"@id":"https:\/\/www.noz.fr\/es\/vinyles-pop-culture-noz\/"},"author":{"name":"Romain Chevillon","@id":"https:\/\/www.noz.fr\/#\/schema\/person\/9593799ff3940ad9399b65b29b4cf77e"},"headline":"Arrivage de vinyles Pop Culture","datePublished":"2026-02-19T15:41:07+00:00","dateModified":"2026-02-19T16:06:12+00:00","mainEntityOfPage":{"@id":"https:\/\/www.noz.fr\/es\/vinyles-pop-culture-noz\/"},"wordCount":4879,"image":{"@id":"https:\/\/www.noz.fr\/es\/vinyles-pop-culture-noz\/#primaryimage"},"thumbnailUrl":"https:\/\/www.noz.fr\/uploads\/2026\/02\/post-fb-1.png","articleSection":["Actualit\u00e9s"],"inLanguage":"es"},{"@type":"WebPage","@id":"https:\/\/www.noz.fr\/es\/vinyles-pop-culture-noz\/","url":"https:\/\/www.noz.fr\/es\/vinyles-pop-culture-noz\/","name":"Arrivages de vinyles Pop Culture chez NOZ !","isPartOf":{"@id":"https:\/\/www.noz.fr\/#website"},"primaryImageOfPage":{"@id":"https:\/\/www.noz.fr\/es\/vinyles-pop-culture-noz\/#primaryimage"},"image":{"@id":"https:\/\/www.noz.fr\/es\/vinyles-pop-culture-noz\/#primaryimage"},"thumbnailUrl":"https:\/\/www.noz.fr\/uploads\/2026\/02\/post-fb-1.png","datePublished":"2026-02-19T15:41:07+00:00","dateModified":"2026-02-19T16:06:12+00:00","author":{"@id":"https:\/\/www.noz.fr\/#\/schema\/person\/9593799ff3940ad9399b65b29b4cf77e"},"description":"Arrivages de vinyles Pop Culture chez NOZ avec une s\u00e9lection d\u00e9di\u00e9e aux bandes originales de films et de jeux vid\u00e9o c\u00e9l\u00e8bres.","breadcrumb":{"@id":"https:\/\/www.noz.fr\/es\/vinyles-pop-culture-noz\/#breadcrumb"},"inLanguage":"es","potentialAction":[{"@type":"ReadAction","target":["https:\/\/www.noz.fr\/es\/vinyles-pop-culture-noz\/"]}]},{"@type":"ImageObject","inLanguage":"es","@id":"https:\/\/www.noz.fr\/es\/vinyles-pop-culture-noz\/#primaryimage","url":"https:\/\/www.noz.fr\/uploads\/2026\/02\/post-fb-1.png","contentUrl":"https:\/\/www.noz.fr\/uploads\/2026\/02\/post-fb-1.png","width":1200,"height":1200,"caption":"Arrivage de vinyles chez NOZ"},{"@type":"BreadcrumbList","@id":"https:\/\/www.noz.fr\/es\/vinyles-pop-culture-noz\/#breadcrumb","itemListElement":[{"@type":"ListItem","position":1,"name":"Accueil","item":"https:\/\/www.noz.fr\/"},{"@type":"ListItem","position":2,"name":"Arrivage de vinyles Pop Culture"}]},{"@type":"WebSite","@id":"https:\/\/www.noz.fr\/#website","url":"https:\/\/www.noz.fr\/","name":"Noz","description":"","potentialAction":[{"@type":"SearchAction","target":{"@type":"EntryPoint","urlTemplate":"https:\/\/www.noz.fr\/?s={search_term_string}"},"query-input":{"@type":"PropertyValueSpecification","valueRequired":true,"valueName":"search_term_string"}}],"inLanguage":"es"},{"@type":"Person","@id":"https:\/\/www.noz.fr\/#\/schema\/person\/9593799ff3940ad9399b65b29b4cf77e","name":"Romain Chevillon","image":{"@type":"ImageObject","inLanguage":"es","@id":"https:\/\/secure.gravatar.com\/avatar\/a6b9d500c90e305078d9689711e648c799eb5b6cb97ce4433599f694397d3ce3?s=96&d=mm&r=g","url":"https:\/\/secure.gravatar.com\/avatar\/a6b9d500c90e305078d9689711e648c799eb5b6cb97ce4433599f694397d3ce3?s=96&d=mm&r=g","contentUrl":"https:\/\/secure.gravatar.com\/avatar\/a6b9d500c90e305078d9689711e648c799eb5b6cb97ce4433599f694397d3ce3?s=96&d=mm&r=g","caption":"Romain Chevillon"}}]}},"_links":{"self":[{"href":"https:\/\/www.noz.fr\/es\/wp-json\/wp\/v2\/posts\/122094","targetHints":{"allow":["GET"]}}],"collection":[{"href":"https:\/\/www.noz.fr\/es\/wp-json\/wp\/v2\/posts"}],"about":[{"href":"https:\/\/www.noz.fr\/es\/wp-json\/wp\/v2\/types\/post"}],"author":[{"embeddable":true,"href":"https:\/\/www.noz.fr\/es\/wp-json\/wp\/v2\/users\/12"}],"replies":[{"embeddable":true,"href":"https:\/\/www.noz.fr\/es\/wp-json\/wp\/v2\/comments?post=122094"}],"version-history":[{"count":2,"href":"https:\/\/www.noz.fr\/es\/wp-json\/wp\/v2\/posts\/122094\/revisions"}],"predecessor-version":[{"id":122125,"href":"https:\/\/www.noz.fr\/es\/wp-json\/wp\/v2\/posts\/122094\/revisions\/122125"}],"wp:featuredmedia":[{"embeddable":true,"href":"https:\/\/www.noz.fr\/es\/wp-json\/wp\/v2\/media\/122115"}],"wp:attachment":[{"href":"https:\/\/www.noz.fr\/es\/wp-json\/wp\/v2\/media?parent=122094"}],"wp:term":[{"taxonomy":"category","embeddable":true,"href":"https:\/\/www.noz.fr\/es\/wp-json\/wp\/v2\/categories?post=122094"},{"taxonomy":"post_tag","embeddable":true,"href":"https:\/\/www.noz.fr\/es\/wp-json\/wp\/v2\/tags?post=122094"},{"taxonomy":"location-tag","embeddable":true,"href":"https:\/\/www.noz.fr\/es\/wp-json\/wp\/v2\/location-tag?post=122094"}],"curies":[{"name":"wp","href":"https:\/\/api.w.org\/{rel}","templated":true}]}}